{"id":697,"date":"2014-03-01T18:00:00","date_gmt":"2014-03-01T18:00:00","guid":{"rendered":"https:\/\/saloanoticias.mrmediaweb.com\/v1\/2014\/03\/01\/leitora-do-blog-pede-informacoes-sobre-parentes-de-saloa\/"},"modified":"2014-03-01T18:00:00","modified_gmt":"2014-03-01T18:00:00","slug":"leitora-do-blog-pede-informacoes-sobre-parentes-de-saloa","status":"publish","type":"post","link":"https:\/\/www.saloanoticias.com\/v1\/leitora-do-blog-pede-informacoes-sobre-parentes-de-saloa\/","title":{"rendered":"LEITORA DO BLOG PEDE INFORMA\u00c7\u00d5ES SOBRE PARENTES DE SALO\u00c1"},"content":{"rendered":"<ul>\n<li>\n<p align=\"justify\"><font size=\"3\" face=\"Arial\"><a href=\"http:\/\/www.saloanoticias.com\/images\/rica.jpg\"><img loading=\"lazy\" decoding=\"async\" title=\"&eacute;RICA\" style=\"border-left-width: 0px; border-right-width: 0px; background-image: none; border-bottom-width: 0px; float: left; padding-top: 0px; padding-left: 0px; margin: 5px 5px 0px 0px; display: inline; padding-right: 0px; border-top-width: 0px\" border=\"0\" alt=\"&eacute;RICA\" src=\"http:\/\/www.saloanoticias.com\/v1\/wp-content\/uploads\/imagens\/rica_thumb.jpg\" width=\"216\" align=\"left\" height=\"203\"><\/a>Esta semana a reda\u00e7\u00e3o do Blog recebeu uma mensagem atrav\u00e9s do Facebook de uma pessoa de nome \u00c9rica que mora no Estado de S\u00e3o Paulo pedindo informa\u00e7\u00f5es sobre seus parentes que moram aqui no munic\u00edpio de Salo\u00e1\/PE. Nas linhas seguintes est\u00e3o transcritas as palavras dessa leitora e quem puder a ajudar, sinta-se a vontade para utilizar o espa\u00e7o do Blog. <font face=\"Arial Black\">\u201cOl\u00e1 pessoal do Blog Salo\u00e1 Not\u00edcias, tudo bem ? Meu nome \u00e9 Rodrigo, sou da fam\u00edlia Barra Nova de Melo mas moro em S\u00e3o Paulo. Meu pai Jos\u00e9, que nasceu em Salo\u00e1, est\u00e1 tentando entrar em contato com algu\u00e9m da fam\u00edlia Barra Nova ou Melo de Salo\u00e1, ou que conhe\u00e7a a Tia dele que se chama Ang\u00e9lica Barra Nova. Se voc\u00ea conhecer por favor me retorne. Muito obrigado !\u201d.<\/font><\/font><\/p>\n<\/li>\n<\/ul>\n<div style=\"margin-top: 0px; margin-bottom: 0px;\" class=\"sharethis-inline-share-buttons\" ><\/div>","protected":false},"excerpt":{"rendered":"<p>Esta semana a reda\u00e7\u00e3o do Blog recebeu uma mensagem atrav\u00e9s do Facebook de uma pessoa de nome \u00c9rica que mora no Estado de S\u00e3o Paulo pedindo informa\u00e7\u00f5es sobre seus parentes que moram aqui no munic\u00edpio de Salo\u00e1\/PE. Nas linhas seguintes est\u00e3o transcritas as palavras dessa leitora e quem puder a ajudar, sinta-se a vontade para [&hellip;]<\/p>\n","protected":false},"author":1,"featured_media":0,"comment_status":"open","ping_status":"open","sticky":false,"template":"","format":"standard","meta":{"footnotes":""},"categories":[2],"tags":[],"class_list":["post-697","post","type-post","status-publish","format-standard","hentry","category-noticias-do-dia"],"_links":{"self":[{"href":"https:\/\/www.saloanoticias.com\/v1\/wp-json\/wp\/v2\/posts\/697","targetHints":{"allow":["GET"]}}],"collection":[{"href":"https:\/\/www.saloanoticias.com\/v1\/wp-json\/wp\/v2\/posts"}],"about":[{"href":"https:\/\/www.saloanoticias.com\/v1\/wp-json\/wp\/v2\/types\/post"}],"author":[{"embeddable":true,"href":"https:\/\/www.saloanoticias.com\/v1\/wp-json\/wp\/v2\/users\/1"}],"replies":[{"embeddable":true,"href":"https:\/\/www.saloanoticias.com\/v1\/wp-json\/wp\/v2\/comments?post=697"}],"version-history":[{"count":0,"href":"https:\/\/www.saloanoticias.com\/v1\/wp-json\/wp\/v2\/posts\/697\/revisions"}],"wp:attachment":[{"href":"https:\/\/www.saloanoticias.com\/v1\/wp-json\/wp\/v2\/media?parent=697"}],"wp:term":[{"taxonomy":"category","embeddable":true,"href":"https:\/\/www.saloanoticias.com\/v1\/wp-json\/wp\/v2\/categories?post=697"},{"taxonomy":"post_tag","embeddable":true,"href":"https:\/\/www.saloanoticias.com\/v1\/wp-json\/wp\/v2\/tags?post=697"}],"curies":[{"name":"wp","href":"https:\/\/api.w.org\/{rel}","templated":true}]}}