{"id":696,"date":"2014-02-28T22:00:00","date_gmt":"2014-02-28T22:00:00","guid":{"rendered":"https:\/\/saloanoticias.mrmediaweb.com\/v1\/2014\/02\/28\/vereador-ronaldinho-tem-encontro-o-sivaldo-albino-em-garanhuns\/"},"modified":"2014-02-28T22:00:00","modified_gmt":"2014-02-28T22:00:00","slug":"vereador-ronaldinho-tem-encontro-o-sivaldo-albino-em-garanhuns","status":"publish","type":"post","link":"https:\/\/www.saloanoticias.com\/v1\/vereador-ronaldinho-tem-encontro-o-sivaldo-albino-em-garanhuns\/","title":{"rendered":"VEREADOR RONALDINHO TEM ENCONTRO COM SIVALDO ALBINO EM GARANHUNS"},"content":{"rendered":"<p align=\"justify\"><font size=\"3\" face=\"Arial\"><a href=\"http:\/\/www.saloanoticias.com\/images\/ronaldinho-e-sivaldo_51783725dd9ef1f8e20674be10effb31.jpg\"><img loading=\"lazy\" decoding=\"async\" title=\"Ronaldinho e Sivaldo\" style=\"border-left-width: 0px; border-right-width: 0px; background-image: none; border-bottom-width: 0px; float: none; padding-top: 0px; padding-left: 0px; margin: 0px auto 10px; display: block; padding-right: 0px; border-top-width: 0px\" border=\"0\" alt=\"Ronaldinho e Sivaldo\" src=\"http:\/\/www.saloanoticias.com\/v1\/wp-content\/uploads\/imagens\/ronaldinho-e-sivaldo_thumb_8ce1dbbd5c909674fc72d23e3e17589b.jpg\" width=\"575\" height=\"391\"><\/a>O presidente da c\u00e2mara dos vereadores de Salo\u00e1\/PE, Ronaldo Alves (PSDB), esteve esta semana visitando o poder legislativo da cidade de Garanhuns e na ocasi\u00e3o foi gentilmente recebido pelo vereador Sivaldo Albino (PPS), e aproveitaram a oportunidade para conversarem sobre v\u00e1rios assuntos, inclusive sobre pol\u00edtica no agreste. Sivaldo Albino se mostrou bastante informado sobre os acontecimentos na regi\u00e3o e confirmou sua candidatura a deputado estadual apoiado pelo seu partido. O parlamentar garanhuense se mostrou motivado e acredita alcan\u00e7ar uma vaga na ALEPE.<\/font><\/p>\n<p align=\"justify\"><font size=\"3\" face=\"Arial\">Sivaldo ainda parabenizou Ronaldinho pela brilhante condu\u00e7\u00e3o a frente da c\u00e2mara de Salo\u00e1\/PE e disse que est\u00e1 acompanhando as a\u00e7\u00f5es do colega parlamentar atrav\u00e9s dos blogs e r\u00e1dios da regi\u00e3o. Sivaldo falou tamb\u00e9m sobre a sucess\u00e3o de Eduardo Campos e acredita que est\u00e1 praticamente garantida ao candidato Paulo C\u00e2mara que teve seu nome apresentado essa semana pela c\u00fapula do PSB estadual. A conversa terminou com o convite feito por Ronaldinho para que Sivaldo Albino fa\u00e7a uma visita \u00e0 Salo\u00e1 nos pr\u00f3ximos dias.<\/font><\/p>\n<p align=\"justify\"><font size=\"3\" face=\"Arial Black\">Fonte&nbsp; &#8211;&nbsp; Ascom\/Vereador Ronaldinho Birunda<\/font><\/p>\n<div style=\"margin-top: 0px; margin-bottom: 0px;\" class=\"sharethis-inline-share-buttons\" ><\/div>","protected":false},"excerpt":{"rendered":"<p>O presidente da c\u00e2mara dos vereadores de Salo\u00e1\/PE, Ronaldo Alves (PSDB), esteve esta semana visitando o poder legislativo da cidade de Garanhuns e na ocasi\u00e3o foi gentilmente recebido pelo vereador Sivaldo Albino (PPS), e aproveitaram a oportunidade para conversarem sobre v\u00e1rios assuntos, inclusive sobre pol\u00edtica no agreste. Sivaldo Albino se mostrou bastante informado sobre os [&hellip;]<\/p>\n","protected":false},"author":1,"featured_media":0,"comment_status":"open","ping_status":"open","sticky":false,"template":"","format":"standard","meta":{"footnotes":""},"categories":[2],"tags":[],"class_list":["post-696","post","type-post","status-publish","format-standard","hentry","category-noticias-do-dia"],"_links":{"self":[{"href":"https:\/\/www.saloanoticias.com\/v1\/wp-json\/wp\/v2\/posts\/696","targetHints":{"allow":["GET"]}}],"collection":[{"href":"https:\/\/www.saloanoticias.com\/v1\/wp-json\/wp\/v2\/posts"}],"about":[{"href":"https:\/\/www.saloanoticias.com\/v1\/wp-json\/wp\/v2\/types\/post"}],"author":[{"embeddable":true,"href":"https:\/\/www.saloanoticias.com\/v1\/wp-json\/wp\/v2\/users\/1"}],"replies":[{"embeddable":true,"href":"https:\/\/www.saloanoticias.com\/v1\/wp-json\/wp\/v2\/comments?post=696"}],"version-history":[{"count":0,"href":"https:\/\/www.saloanoticias.com\/v1\/wp-json\/wp\/v2\/posts\/696\/revisions"}],"wp:attachment":[{"href":"https:\/\/www.saloanoticias.com\/v1\/wp-json\/wp\/v2\/media?parent=696"}],"wp:term":[{"taxonomy":"category","embeddable":true,"href":"https:\/\/www.saloanoticias.com\/v1\/wp-json\/wp\/v2\/categories?post=696"},{"taxonomy":"post_tag","embeddable":true,"href":"https:\/\/www.saloanoticias.com\/v1\/wp-json\/wp\/v2\/tags?post=696"}],"curies":[{"name":"wp","href":"https:\/\/api.w.org\/{rel}","templated":true}]}}