{"id":693,"date":"2014-02-28T12:23:08","date_gmt":"2014-02-28T12:23:08","guid":{"rendered":"https:\/\/saloanoticias.mrmediaweb.com\/v1\/2014\/02\/28\/prefeito-genivaldo-participa-de-entrega-de-casas-na-tribo-fulni-o\/"},"modified":"2014-02-28T12:23:08","modified_gmt":"2014-02-28T12:23:08","slug":"prefeito-genivaldo-participa-de-entrega-de-casas-na-tribo-fulni-o","status":"publish","type":"post","link":"https:\/\/www.saloanoticias.com\/v1\/prefeito-genivaldo-participa-de-entrega-de-casas-na-tribo-fulni-o\/","title":{"rendered":"PREFEITO GENIVALDO PARTICIPA DE ENTREGA DE CASAS NA TRIBO FULNI-\u00d4"},"content":{"rendered":"<p align=\"justify\"><font size=\"3\" face=\"Arial\"><a href=\"http:\/\/www.saloanoticias.com\/images\/genivaldo1_2a67ef3c7c87ede73e7ed48673fc45b6.jpg\"><img loading=\"lazy\" decoding=\"async\" title=\"Genivaldo1\" style=\"border-top: 0px; border-right: 0px; background-image: none; border-bottom: 0px; float: none; padding-top: 0px; padding-left: 0px; margin: 0px auto 10px; border-left: 0px; display: block; padding-right: 0px\" border=\"0\" alt=\"Genivaldo1\" src=\"http:\/\/www.saloanoticias.com\/v1\/wp-content\/uploads\/imagens\/genivaldo1_thumb_c0c990aab41f50c19159431b9073ded9.jpg\" width=\"594\" height=\"396\"><\/a>O Prefeito de \u00c1guas Belas, Genivaldo Menezes Delgado (PT), acompanhado por Vereadores, Secret\u00e1rios Municipais e lideran\u00e7as ind\u00edgenas, esteve na \u00faltimo s\u00e1bado, dia 22, na Tribo Fulni-\u00f4, para entregar 39 Casas Populares, constru\u00eddas atrav\u00e9s do Programa Nacional de Habita\u00e7\u00e3o Rural, o PNHR, viabilizado numa parceria entre o Governo Federal, atrav\u00e9s da Caixa; Prefeitura de \u00c1guas Belas e Cooperativa Bemorar.<\/font><\/p>\n<p align=\"justify\"><a href=\"http:\/\/www.saloanoticias.com\/images\/genivaldo2_98f5cbe461ad244031e30df07c1eb1e0.jpg\"><img loading=\"lazy\" decoding=\"async\" title=\"Genivaldo2\" style=\"border-top: 0px; border-right: 0px; background-image: none; border-bottom: 0px; float: none; padding-top: 0px; padding-left: 0px; margin: 10px auto; border-left: 0px; display: block; padding-right: 0px\" border=\"0\" alt=\"Genivaldo2\" src=\"http:\/\/www.saloanoticias.com\/v1\/wp-content\/uploads\/imagens\/genivaldo2_thumb_b8f95924cecb50e5456fa6f412956307.jpg\" width=\"595\" height=\"397\"><\/a><\/p>\n<p align=\"justify\"><font size=\"3\" face=\"Arial\">As habita\u00e7\u00f5es s\u00e3o constru\u00eddas em alvenaria e trar\u00e3o mais dignidade \u00e0s fam\u00edlias contempladas. \u201cAtrav\u00e9s de programas como este, o PNHR e como o Minha Casa Minha Vida, o Governo da Presidente Dilma vem dando dignidade aos moradores das localidades rurais e ind\u00edgenas. Estou Feliz em participar desse processo, pois estamos levando mais conforto e dignidade aos moradores de \u00c1guas Belas\u201d, registrou o Prefeito, que inclusive vem tendo o seu nome cogitado como um forte pr\u00e9-candidato a Deputado Estadual nas elei\u00e7\u00f5es de outubro pr\u00f3ximo.<\/font><\/p>\n<p align=\"justify\"><font size=\"3\" face=\"Arial\"><font face=\"Arial Black\">Fonte&nbsp; &#8211;&nbsp; Ascom\/Prefeitura de \u00c1guas Belas<\/font><\/font><\/p>\n<div style=\"margin-top: 0px; margin-bottom: 0px;\" class=\"sharethis-inline-share-buttons\" ><\/div>","protected":false},"excerpt":{"rendered":"<p>O Prefeito de \u00c1guas Belas, Genivaldo Menezes Delgado (PT), acompanhado por Vereadores, Secret\u00e1rios Municipais e lideran\u00e7as ind\u00edgenas, esteve na \u00faltimo s\u00e1bado, dia 22, na Tribo Fulni-\u00f4, para entregar 39 Casas Populares, constru\u00eddas atrav\u00e9s do Programa Nacional de Habita\u00e7\u00e3o Rural, o PNHR, viabilizado numa parceria entre o Governo Federal, atrav\u00e9s da Caixa; Prefeitura de \u00c1guas Belas [&hellip;]<\/p>\n","protected":false},"author":1,"featured_media":0,"comment_status":"open","ping_status":"open","sticky":false,"template":"","format":"standard","meta":{"footnotes":""},"categories":[2],"tags":[],"class_list":["post-693","post","type-post","status-publish","format-standard","hentry","category-noticias-do-dia"],"_links":{"self":[{"href":"https:\/\/www.saloanoticias.com\/v1\/wp-json\/wp\/v2\/posts\/693","targetHints":{"allow":["GET"]}}],"collection":[{"href":"https:\/\/www.saloanoticias.com\/v1\/wp-json\/wp\/v2\/posts"}],"about":[{"href":"https:\/\/www.saloanoticias.com\/v1\/wp-json\/wp\/v2\/types\/post"}],"author":[{"embeddable":true,"href":"https:\/\/www.saloanoticias.com\/v1\/wp-json\/wp\/v2\/users\/1"}],"replies":[{"embeddable":true,"href":"https:\/\/www.saloanoticias.com\/v1\/wp-json\/wp\/v2\/comments?post=693"}],"version-history":[{"count":0,"href":"https:\/\/www.saloanoticias.com\/v1\/wp-json\/wp\/v2\/posts\/693\/revisions"}],"wp:attachment":[{"href":"https:\/\/www.saloanoticias.com\/v1\/wp-json\/wp\/v2\/media?parent=693"}],"wp:term":[{"taxonomy":"category","embeddable":true,"href":"https:\/\/www.saloanoticias.com\/v1\/wp-json\/wp\/v2\/categories?post=693"},{"taxonomy":"post_tag","embeddable":true,"href":"https:\/\/www.saloanoticias.com\/v1\/wp-json\/wp\/v2\/tags?post=693"}],"curies":[{"name":"wp","href":"https:\/\/api.w.org\/{rel}","templated":true}]}}