{"id":692,"date":"2014-02-28T12:10:48","date_gmt":"2014-02-28T12:10:48","guid":{"rendered":"https:\/\/saloanoticias.mrmediaweb.com\/v1\/2014\/02\/28\/armando-defende-o-programa-mais-medicos\/"},"modified":"2014-02-28T12:10:48","modified_gmt":"2014-02-28T12:10:48","slug":"armando-defende-o-programa-mais-medicos","status":"publish","type":"post","link":"https:\/\/www.saloanoticias.com\/v1\/armando-defende-o-programa-mais-medicos\/","title":{"rendered":"ARMANDO DEFENDE O \u201cPROGRAMA MAIS M\u00c9DICOS\u201d DO GOVERNO FEDERAL"},"content":{"rendered":"<p align=\"justify\"><font size=\"3\"><font face=\"Arial\"><strong><a href=\"http:\/\/www.saloanoticias.com\/images\/armando_monteiro_423315a55e57ba206c85916cf7f687d7.jpg\"><img loading=\"lazy\" decoding=\"async\" title=\"armando_monteiro\" style=\"border-top: 0px; border-right: 0px; background-image: none; border-bottom: 0px; float: left; padding-top: 0px; padding-left: 0px; margin: 5px 5px 0px 0px; border-left: 0px; display: inline; padding-right: 0px\" border=\"0\" alt=\"armando_monteiro\" src=\"http:\/\/www.saloanoticias.com\/v1\/wp-content\/uploads\/imagens\/armando_monteiro_thumb_f10f6e0316b1140a274029e0176a3104.jpg\" width=\"240\" align=\"left\" height=\"235\"><\/a>Bras\u00edlia &#8211;<\/strong> O senador Armando Monteiro (PTB) defendeu nesta ter\u00e7a-feira (18) o programa Mais M\u00e9dicos do Governo Federal, destacando que a iniciativa garante mais doutores para o Brasil e mais acesso \u00e0 sa\u00fade para a popula\u00e7\u00e3o. O senador lembrou que, apenas em Pernambuco, 438 m\u00e9dicos prestaram 1,5 milh\u00e3o de atendimentos no \u00e2mbito do programa e destacou que esses profissionais integram um grupo ainda maior que, no Pa\u00eds, totaliza 6.658 m\u00e9dicos, beneficiando 23 milh\u00f5es de pessoas no interior e periferias das grandes cidades. Armando tamb\u00e9m defendeu a proposta de negocia\u00e7\u00e3o entre os governos do Brasil e de Cuba para conceder reajuste salarial aos profissionais cubanos participantes do programa.<\/font><\/font><\/p>\n<p align=\"justify\"><font size=\"3\"><font face=\"Arial\">\u201cO programa Mais M\u00e9dicos faz parte de um amplo pacto de melhoria do atendimento \u00e0s pessoas, especialmente aos que moram em regi\u00f5es onde h\u00e1 escassez e aus\u00eancia desses profissionais. Com a convoca\u00e7\u00e3o de m\u00e9dicos, o Governo Federal garantir\u00e1 acesso \u00e0 sa\u00fade para a popula\u00e7\u00e3o\u201d, disse. O senador lembrou que grande parte desses brasileiros jamais havia feito uma consulta e sofria com doen\u00e7as f\u00e1ceis de curar, que, sem atendimento, acabaram se tornando cr\u00f4nicas. O programa Mais M\u00e9dicos foi lan\u00e7ado no segundo semestre de 2013 e j\u00e1 est\u00e1 entre as a\u00e7\u00f5es de maior \u00eaxito do governo Dilma Rousseff.<\/font><\/font><\/p>\n<p align=\"justify\"><font size=\"3\"><font face=\"Arial\">Armando lembrou que os profissionais realizam a\u00e7\u00f5es de preven\u00e7\u00e3o, orienta\u00e7\u00e3o e acompanhamento com o \u00fanico objetivo de promover a sa\u00fade da popula\u00e7\u00e3o. O senador acredita que, com o reajuste salarial aos m\u00e9dicos cubanos, ser\u00e1 superado um dos aspectos mais criticados do programa. \u201cO Governo n\u00e3o hesitou em trazer m\u00e9dicos de Cuba e de v\u00e1rios outros pa\u00edses e que se juntaram aos brasileiros afim de contornar o problema da baixa disponibilidade interna de profissionais na \u00e1rea\u201d, disse.<\/font><\/font><\/p>\n<p align=\"justify\"><font size=\"3\"><font face=\"Arial\">Armando observou que, em fun\u00e7\u00e3o das grandes desigualdade regionais que o Brasil ainda enfrenta, possui apenas 1,8 m\u00e9dicos por mil habitantes, bem menos que Cuba, por exemplo, onde essa propor\u00e7\u00e3o \u00e9 de seis m\u00e9dicos por mil habitantes. Tamb\u00e9m registrou que, de um total de 200 milh\u00f5es de brasileiros, apenas 48 milh\u00f5es t\u00eam planos ou seguros privados de sa\u00fade. Os demais 150 milh\u00f5es dependem exclusivamente do Sistema \u00danico de Sa\u00fade (SUS).<\/font><\/font><\/p>\n<p align=\"justify\"><font size=\"3\"><font face=\"Arial Black\"><strong>Cr\u00e9dito da foto: <\/strong>Ana Luiza Sousa\/divulga\u00e7\u00e3o<\/font><\/font><\/p>\n<div style=\"margin-top: 0px; margin-bottom: 0px;\" class=\"sharethis-inline-share-buttons\" ><\/div>","protected":false},"excerpt":{"rendered":"<p>Bras\u00edlia &#8211; O senador Armando Monteiro (PTB) defendeu nesta ter\u00e7a-feira (18) o programa Mais M\u00e9dicos do Governo Federal, destacando que a iniciativa garante mais doutores para o Brasil e mais acesso \u00e0 sa\u00fade para a popula\u00e7\u00e3o. O senador lembrou que, apenas em Pernambuco, 438 m\u00e9dicos prestaram 1,5 milh\u00e3o de atendimentos no \u00e2mbito do programa e [&hellip;]<\/p>\n","protected":false},"author":1,"featured_media":0,"comment_status":"open","ping_status":"open","sticky":false,"template":"","format":"standard","meta":{"footnotes":""},"categories":[2],"tags":[],"class_list":["post-692","post","type-post","status-publish","format-standard","hentry","category-noticias-do-dia"],"_links":{"self":[{"href":"https:\/\/www.saloanoticias.com\/v1\/wp-json\/wp\/v2\/posts\/692","targetHints":{"allow":["GET"]}}],"collection":[{"href":"https:\/\/www.saloanoticias.com\/v1\/wp-json\/wp\/v2\/posts"}],"about":[{"href":"https:\/\/www.saloanoticias.com\/v1\/wp-json\/wp\/v2\/types\/post"}],"author":[{"embeddable":true,"href":"https:\/\/www.saloanoticias.com\/v1\/wp-json\/wp\/v2\/users\/1"}],"replies":[{"embeddable":true,"href":"https:\/\/www.saloanoticias.com\/v1\/wp-json\/wp\/v2\/comments?post=692"}],"version-history":[{"count":0,"href":"https:\/\/www.saloanoticias.com\/v1\/wp-json\/wp\/v2\/posts\/692\/revisions"}],"wp:attachment":[{"href":"https:\/\/www.saloanoticias.com\/v1\/wp-json\/wp\/v2\/media?parent=692"}],"wp:term":[{"taxonomy":"category","embeddable":true,"href":"https:\/\/www.saloanoticias.com\/v1\/wp-json\/wp\/v2\/categories?post=692"},{"taxonomy":"post_tag","embeddable":true,"href":"https:\/\/www.saloanoticias.com\/v1\/wp-json\/wp\/v2\/tags?post=692"}],"curies":[{"name":"wp","href":"https:\/\/api.w.org\/{rel}","templated":true}]}}