{"id":691,"date":"2014-02-28T02:16:35","date_gmt":"2014-02-28T02:16:35","guid":{"rendered":"https:\/\/saloanoticias.mrmediaweb.com\/v1\/2014\/02\/28\/medica-cubana-residente-em-saloa-faz-aniversario\/"},"modified":"2014-02-28T02:16:35","modified_gmt":"2014-02-28T02:16:35","slug":"medica-cubana-residente-em-saloa-faz-aniversario","status":"publish","type":"post","link":"https:\/\/www.saloanoticias.com\/v1\/medica-cubana-residente-em-saloa-faz-aniversario\/","title":{"rendered":"M\u00c9DICA CUBANA RESIDENTE EM SALO\u00c1 FAZ ANIVERS\u00c1RIO"},"content":{"rendered":"<p align=\"justify\"><a href=\"http:\/\/www.saloanoticias.com\/images\/maria-eugnia_4fa0c2135ec566f24485b9e5a8c25b55.jpg\"><img loading=\"lazy\" decoding=\"async\" title=\"Maria Eug&ecirc;nia\" style=\"border-top: 0px; border-right: 0px; background-image: none; border-bottom: 0px; float: none; padding-top: 0px; padding-left: 0px; margin: 0px auto 10px; border-left: 0px; display: block; padding-right: 0px\" border=\"0\" alt=\"Maria Eug&ecirc;nia\" src=\"http:\/\/www.saloanoticias.com\/v1\/wp-content\/uploads\/imagens\/maria-eugnia_thumb_8ec442aec8a196a33a78900d7b3f6eb1.jpg\" width=\"517\" height=\"364\"><\/a><font size=\"3\" face=\"Arial\">Hoje \u00e9 um dia muito especial para a m\u00e9dica cubana Madelaine Del Rocio Alonso, carinhosamente chamada pelos saloaenses de Mad, jovem profissional que est\u00e1 no Brasil desde o ano passado e completa mais um ano de vida e de muita dedica\u00e7\u00e3o ao seu of\u00edcio em nossa cidade.&nbsp; Madelaine \u00e9 um grande exemplo de profissionalismo, pois, deixou seu marido e filhos em Cuba e veio ajudar os mais necessitados do nosso pa\u00eds, atrav\u00e9s do Programa Federal \u201cMais M\u00e9dicos\u201d. Ela atua no PSF Ant\u00f4nio Barros no Bairro da Cohab em Salo\u00e1.<\/font><\/p>\n<p align=\"justify\"><font size=\"3\" face=\"Arial\">N\u00f3s que fazemos o Blog Salo\u00e1 Not\u00edcias desejamos a ela muita paz, sa\u00fade e realiza\u00e7\u00f5es na sua vida profissional e que ela continue sendo esta pessoa simples e dedicada no que faz. Na foto acima, vemos Madelaine e a outra m\u00e9dica cubana Maria Eug\u00eania, que tamb\u00e9m reside em Salo\u00e1 e atua no PSF Virgem dos Pobres na Vila de Iatec\u00e1.<\/font><\/p>\n<div style=\"margin-top: 0px; margin-bottom: 0px;\" class=\"sharethis-inline-share-buttons\" ><\/div>","protected":false},"excerpt":{"rendered":"<p>Hoje \u00e9 um dia muito especial para a m\u00e9dica cubana Madelaine Del Rocio Alonso, carinhosamente chamada pelos saloaenses de Mad, jovem profissional que est\u00e1 no Brasil desde o ano passado e completa mais um ano de vida e de muita dedica\u00e7\u00e3o ao seu of\u00edcio em nossa cidade.&nbsp; Madelaine \u00e9 um grande exemplo de profissionalismo, pois, [&hellip;]<\/p>\n","protected":false},"author":1,"featured_media":0,"comment_status":"open","ping_status":"open","sticky":false,"template":"","format":"standard","meta":{"footnotes":""},"categories":[2],"tags":[],"class_list":["post-691","post","type-post","status-publish","format-standard","hentry","category-noticias-do-dia"],"_links":{"self":[{"href":"https:\/\/www.saloanoticias.com\/v1\/wp-json\/wp\/v2\/posts\/691","targetHints":{"allow":["GET"]}}],"collection":[{"href":"https:\/\/www.saloanoticias.com\/v1\/wp-json\/wp\/v2\/posts"}],"about":[{"href":"https:\/\/www.saloanoticias.com\/v1\/wp-json\/wp\/v2\/types\/post"}],"author":[{"embeddable":true,"href":"https:\/\/www.saloanoticias.com\/v1\/wp-json\/wp\/v2\/users\/1"}],"replies":[{"embeddable":true,"href":"https:\/\/www.saloanoticias.com\/v1\/wp-json\/wp\/v2\/comments?post=691"}],"version-history":[{"count":0,"href":"https:\/\/www.saloanoticias.com\/v1\/wp-json\/wp\/v2\/posts\/691\/revisions"}],"wp:attachment":[{"href":"https:\/\/www.saloanoticias.com\/v1\/wp-json\/wp\/v2\/media?parent=691"}],"wp:term":[{"taxonomy":"category","embeddable":true,"href":"https:\/\/www.saloanoticias.com\/v1\/wp-json\/wp\/v2\/categories?post=691"},{"taxonomy":"post_tag","embeddable":true,"href":"https:\/\/www.saloanoticias.com\/v1\/wp-json\/wp\/v2\/tags?post=691"}],"curies":[{"name":"wp","href":"https:\/\/api.w.org\/{rel}","templated":true}]}}