{"id":690,"date":"2014-02-27T23:47:37","date_gmt":"2014-02-27T23:47:37","guid":{"rendered":"https:\/\/saloanoticias.mrmediaweb.com\/v1\/2014\/02\/27\/tiroteio-deixa-dois-mortos-na-br-423-perto-de-aguas-belas\/"},"modified":"2014-02-27T23:47:37","modified_gmt":"2014-02-27T23:47:37","slug":"tiroteio-deixa-dois-mortos-na-br-423-perto-de-aguas-belas","status":"publish","type":"post","link":"https:\/\/www.saloanoticias.com\/v1\/tiroteio-deixa-dois-mortos-na-br-423-perto-de-aguas-belas\/","title":{"rendered":"TIROTEIO DEIXA DOIS MORTOS NA BR 423 PERTO DE \u00c1GUAS BELAS"},"content":{"rendered":"<p align=\"justify\"><font size=\"3\" face=\"Arial\"><a href=\"http:\/\/www.saloanoticias.com\/images\/foto-assalto_1.jpg\"><img loading=\"lazy\" decoding=\"async\" title=\"foto-assalto_1\" style=\"border-top: 0px; border-right: 0px; background-image: none; border-bottom: 0px; float: right; padding-top: 0px; padding-left: 0px; margin: 5px 0px 0px 5px; border-left: 0px; display: inline; padding-right: 0px\" border=\"0\" alt=\"foto-assalto_1\" src=\"http:\/\/www.saloanoticias.com\/v1\/wp-content\/uploads\/imagens\/foto-assalto_1_thumb.jpg\" width=\"268\" align=\"right\" height=\"201\"><\/a>Recebemos agora a pouco uma informa\u00e7\u00e3o sobre um intenso tiroteio ocorrido na BR 423 no sentido Iat\u00ed \u00e0 \u00c1guas Belas. Segundo nossa fonte e as informa\u00e7\u00f5es do blog Agreste Violento, um ve\u00edculo foi tomado de assalto nas imedia\u00e7\u00f5es da BR-423, zona urbana de Garanhuns. A Pol\u00edcia Militar foi informada do assalto e uma equipe do GATI perseguiu o ve\u00edculo at\u00e9 a divisa dos munic\u00edpios de Iati e \u00c1guas Belas, onde houve uma troca de tiros com os criminosos, tendo os elementos se embrenhados no mato e o ve\u00edculo recuperado. Nesse momento a Pol\u00edcia realiza buscas na regi\u00e3o no intuito de localizar os assaltantes.<\/font><\/p>\n<p align=\"justify\"><font size=\"3\" face=\"Arial\">Ainda pelas informa\u00e7\u00f5es dois meliantes foram mortos na troca de tiros. <\/font><font size=\"3\" face=\"Arial\">Qualquer informa\u00e7\u00e3o informar imediatamente a Central do 9\u00ba BPM de Garanhuns, atrav\u00e9s do telefone 190. <\/font><font size=\"3\" face=\"Arial\">Mais informa\u00e7\u00f5es a qualquer momento !<\/font><\/p>\n<div style=\"margin-top: 0px; margin-bottom: 0px;\" class=\"sharethis-inline-share-buttons\" ><\/div>","protected":false},"excerpt":{"rendered":"<p>Recebemos agora a pouco uma informa\u00e7\u00e3o sobre um intenso tiroteio ocorrido na BR 423 no sentido Iat\u00ed \u00e0 \u00c1guas Belas. Segundo nossa fonte e as informa\u00e7\u00f5es do blog Agreste Violento, um ve\u00edculo foi tomado de assalto nas imedia\u00e7\u00f5es da BR-423, zona urbana de Garanhuns. A Pol\u00edcia Militar foi informada do assalto e uma equipe do [&hellip;]<\/p>\n","protected":false},"author":1,"featured_media":0,"comment_status":"open","ping_status":"open","sticky":false,"template":"","format":"standard","meta":{"footnotes":""},"categories":[2],"tags":[],"class_list":["post-690","post","type-post","status-publish","format-standard","hentry","category-noticias-do-dia"],"_links":{"self":[{"href":"https:\/\/www.saloanoticias.com\/v1\/wp-json\/wp\/v2\/posts\/690","targetHints":{"allow":["GET"]}}],"collection":[{"href":"https:\/\/www.saloanoticias.com\/v1\/wp-json\/wp\/v2\/posts"}],"about":[{"href":"https:\/\/www.saloanoticias.com\/v1\/wp-json\/wp\/v2\/types\/post"}],"author":[{"embeddable":true,"href":"https:\/\/www.saloanoticias.com\/v1\/wp-json\/wp\/v2\/users\/1"}],"replies":[{"embeddable":true,"href":"https:\/\/www.saloanoticias.com\/v1\/wp-json\/wp\/v2\/comments?post=690"}],"version-history":[{"count":0,"href":"https:\/\/www.saloanoticias.com\/v1\/wp-json\/wp\/v2\/posts\/690\/revisions"}],"wp:attachment":[{"href":"https:\/\/www.saloanoticias.com\/v1\/wp-json\/wp\/v2\/media?parent=690"}],"wp:term":[{"taxonomy":"category","embeddable":true,"href":"https:\/\/www.saloanoticias.com\/v1\/wp-json\/wp\/v2\/categories?post=690"},{"taxonomy":"post_tag","embeddable":true,"href":"https:\/\/www.saloanoticias.com\/v1\/wp-json\/wp\/v2\/tags?post=690"}],"curies":[{"name":"wp","href":"https:\/\/api.w.org\/{rel}","templated":true}]}}