{"id":689,"date":"2014-02-27T16:32:26","date_gmt":"2014-02-27T16:32:26","guid":{"rendered":"https:\/\/saloanoticias.mrmediaweb.com\/v1\/2014\/02\/27\/bloco-da-manoel-tiago-mendes-saiu-pelas-ruas-da-prata\/"},"modified":"2014-02-27T16:32:26","modified_gmt":"2014-02-27T16:32:26","slug":"bloco-da-manoel-tiago-mendes-saiu-pelas-ruas-da-prata","status":"publish","type":"post","link":"https:\/\/www.saloanoticias.com\/v1\/bloco-da-manoel-tiago-mendes-saiu-pelas-ruas-da-prata\/","title":{"rendered":"BLOCO DA MANOEL TIAGO MENDES SAIU PELAS RUAS DA PRATA"},"content":{"rendered":"<p align=\"justify\"><font size=\"3\" face=\"Arial\"><a href=\"http:\/\/www.saloanoticias.com\/images\/emtm_85cf4901d294b468e8d77dde7d3019f5.jpg\"><img loading=\"lazy\" decoding=\"async\" title=\"EMTM\" style=\"border-top: 0px; border-right: 0px; background-image: none; border-bottom: 0px; float: none; padding-top: 0px; padding-left: 0px; margin: 0px auto 10px; border-left: 0px; display: block; padding-right: 0px\" border=\"0\" alt=\"EMTM\" src=\"http:\/\/www.saloanoticias.com\/v1\/wp-content\/uploads\/imagens\/emtm_thumb_0554387296766a590184f27ca50b6d62.jpg\" width=\"594\" height=\"446\"><\/a>Dando seguimento ao projeto \u201cEvo\u00e9 o Carnaval de Pernambuco\u201d, a Prefeitura Municipal de Salo\u00e1, atrav\u00e9s da Secretaria de Educa\u00e7\u00e3o e Cultura, realizaram \u00e0s 10h desta quinta um Cortejo organizado com os alunos da Escola Manoel Tiago Mendes pelas principais ruas de Iatec\u00e1. <\/font><font size=\"3\" face=\"Arial\">O cortejo \u00e9 na verdade, a culmin\u00e2ncia do tema que vem sendo vivenciado esta semana em sala de aula. Segundo a secret\u00e1ria Josevalda Cavalcante, nesta semana pr\u00e9-carnavalesca, os alunos estudaram sobre a hist\u00f3ria, origem e express\u00f5es culturais que marcam o surgimento do carnaval em Pernambuco.<\/font>  <\/p>\n<p align=\"justify\"><font size=\"3\" face=\"Arial\">\u201cN\u00f3s preparamos um projeto espec\u00edfico para o carnaval. Aproveitando o tema que \u00e9 bastante transversal, os professores trabalharam aspectos da hist\u00f3ria, cultura e suas express\u00f5es e a culmin\u00e2ncia \u00e9 sempre uma apresenta\u00e7\u00e3o de frevo, maracatu e os cortejos que tanto nos alegre\u201d. Disse a secret\u00e1ria. <\/font><font size=\"3\" face=\"Arial\">Ontem aconteceu uma aula espet\u00e1culo com a orquestra de frevo do Professor Henrique C\u00e9sar no audit\u00f3rio da Escola S\u00e3o Vicente. Logo ap\u00f3s, alunos e professores seguiram num grande cortejo pelas ruas da cidade, se misturando \u00e0 popula\u00e7\u00e3o e comerciantes que ca\u00edram na folia.<\/font><\/p>\n<div style=\"margin-top: 0px; margin-bottom: 0px;\" class=\"sharethis-inline-share-buttons\" ><\/div>","protected":false},"excerpt":{"rendered":"<p>Dando seguimento ao projeto \u201cEvo\u00e9 o Carnaval de Pernambuco\u201d, a Prefeitura Municipal de Salo\u00e1, atrav\u00e9s da Secretaria de Educa\u00e7\u00e3o e Cultura, realizaram \u00e0s 10h desta quinta um Cortejo organizado com os alunos da Escola Manoel Tiago Mendes pelas principais ruas de Iatec\u00e1. O cortejo \u00e9 na verdade, a culmin\u00e2ncia do tema que vem sendo vivenciado [&hellip;]<\/p>\n","protected":false},"author":1,"featured_media":0,"comment_status":"open","ping_status":"open","sticky":false,"template":"","format":"standard","meta":{"footnotes":""},"categories":[2],"tags":[],"class_list":["post-689","post","type-post","status-publish","format-standard","hentry","category-noticias-do-dia"],"_links":{"self":[{"href":"https:\/\/www.saloanoticias.com\/v1\/wp-json\/wp\/v2\/posts\/689","targetHints":{"allow":["GET"]}}],"collection":[{"href":"https:\/\/www.saloanoticias.com\/v1\/wp-json\/wp\/v2\/posts"}],"about":[{"href":"https:\/\/www.saloanoticias.com\/v1\/wp-json\/wp\/v2\/types\/post"}],"author":[{"embeddable":true,"href":"https:\/\/www.saloanoticias.com\/v1\/wp-json\/wp\/v2\/users\/1"}],"replies":[{"embeddable":true,"href":"https:\/\/www.saloanoticias.com\/v1\/wp-json\/wp\/v2\/comments?post=689"}],"version-history":[{"count":0,"href":"https:\/\/www.saloanoticias.com\/v1\/wp-json\/wp\/v2\/posts\/689\/revisions"}],"wp:attachment":[{"href":"https:\/\/www.saloanoticias.com\/v1\/wp-json\/wp\/v2\/media?parent=689"}],"wp:term":[{"taxonomy":"category","embeddable":true,"href":"https:\/\/www.saloanoticias.com\/v1\/wp-json\/wp\/v2\/categories?post=689"},{"taxonomy":"post_tag","embeddable":true,"href":"https:\/\/www.saloanoticias.com\/v1\/wp-json\/wp\/v2\/tags?post=689"}],"curies":[{"name":"wp","href":"https:\/\/api.w.org\/{rel}","templated":true}]}}