{"id":688,"date":"2014-02-27T11:51:30","date_gmt":"2014-02-27T11:51:30","guid":{"rendered":"https:\/\/saloanoticias.mrmediaweb.com\/v1\/2014\/02\/27\/bloco-da-uniao-desfilou-pelas-principais-ruas-de-saloa\/"},"modified":"2014-02-27T11:51:30","modified_gmt":"2014-02-27T11:51:30","slug":"bloco-da-uniao-desfilou-pelas-principais-ruas-de-saloa","status":"publish","type":"post","link":"https:\/\/www.saloanoticias.com\/v1\/bloco-da-uniao-desfilou-pelas-principais-ruas-de-saloa\/","title":{"rendered":"BLOCO DA UNI\u00c3O DESFILOU PELAS RUAS DE SALO\u00c1\/PE LEVANDO MUITA ALEGRIA"},"content":{"rendered":"<p align=\"justify\"><font size=\"3\" face=\"Arial\"><a href=\"http:\/\/www.saloanoticias.com\/images\/bloco-da-unio1.jpg\"><img loading=\"lazy\" decoding=\"async\" title=\"Bloco da Uni&atilde;o\" style=\"border-top: 0px; border-right: 0px; background-image: none; border-bottom: 0px; float: none; padding-top: 0px; padding-left: 0px; margin: 0px auto 10px; border-left: 0px; display: block; padding-right: 0px\" border=\"0\" alt=\"Bloco da Uni&atilde;o\" src=\"http:\/\/www.saloanoticias.com\/v1\/wp-content\/uploads\/imagens\/bloco-da-unio1_thumb.jpg\" width=\"627\" height=\"470\"><\/a>Desfilou pelas principais ruas da cidade de Salo\u00e1 na manh\u00e3 desta quarta-feira (26) o maior bloco carnavalesco da hist\u00f3ria do munic\u00edpio. Formado por professores, alunos, profissionais da sa\u00fade, educa\u00e7\u00e3o e assist\u00eancia social, o Bloco da Uni\u00e3o como foi batizado, levou uma orquestra do aut\u00eantico frevo pernambucano, estandartes, confete, serpentinas e muita anima\u00e7\u00e3o pelas ruas da cidade. O bloco usou v\u00e1rios temas de conscientiza\u00e7\u00e3o para que a popula\u00e7\u00e3o se sensibilize e tenha responsabilidade durantes as festas de Momo, como a quest\u00e3o de n\u00e3o dirigir quando estiver bebendo, direitos das crian\u00e7as e adolescentes e outros alertas.<\/font><\/p>\n<p align=\"justify\"><a href=\"http:\/\/www.saloanoticias.com\/images\/bloco-da-unio2.jpg\"><img loading=\"lazy\" decoding=\"async\" title=\"Bloco da Uni&atilde;o2\" style=\"border-top: 0px; border-right: 0px; background-image: none; border-bottom: 0px; float: none; padding-top: 0px; padding-left: 0px; margin: 10px auto; border-left: 0px; display: block; padding-right: 0px\" border=\"0\" alt=\"Bloco da Uni&atilde;o2\" src=\"http:\/\/www.saloanoticias.com\/v1\/wp-content\/uploads\/imagens\/bloco-da-unio2_thumb.jpg\" width=\"623\" height=\"467\"><\/a><\/p>\n<p align=\"justify\"><font size=\"3\" face=\"Arial\">Segundo a secretaria de educa\u00e7\u00e3o, Josevalda Cavalcanti, a festa foi um verdadeiro sucesso e pudemos perceber a empolga\u00e7\u00e3o dos alunos durante a passeata, coisa que eles nunca tinham participado na vida e levaram informa\u00e7\u00f5es para a popula\u00e7\u00e3o com muita alegria. Pacheco Neto, respons\u00e1vel pelo parte cultural na cidade, tamb\u00e9m disse que o saldo do bloco da uni\u00e3o foi bastante positivo, pois, estamos resgatando a cultura pernambucana na vida dessas crian\u00e7as, destacou. O bloco foi puxado pelo grupo de percuss\u00e3o professor Herick Faustino. Centenas de pessoas entraram no frevo durante o percurso da agremia\u00e7\u00e3o. <font face=\"Arial Black\">(Fotos \u2013 Jos\u00e9 Cordeiro)<\/font><\/font><\/p>\n<p align=\"justify\"><a href=\"http:\/\/www.saloanoticias.com\/images\/bloco-da-unio3.jpg\"><img loading=\"lazy\" decoding=\"async\" title=\"Bloco da Uni&atilde;o3\" style=\"border-top: 0px; border-right: 0px; background-image: none; border-bottom: 0px; float: none; padding-top: 0px; padding-left: 0px; margin: 10px auto; border-left: 0px; display: block; padding-right: 0px\" border=\"0\" alt=\"Bloco da Uni&atilde;o3\" src=\"http:\/\/www.saloanoticias.com\/v1\/wp-content\/uploads\/imagens\/bloco-da-unio3_thumb.jpg\" width=\"618\" height=\"464\"><\/a><\/p>\n<div style=\"margin-top: 0px; margin-bottom: 0px;\" class=\"sharethis-inline-share-buttons\" ><\/div>","protected":false},"excerpt":{"rendered":"<p>Desfilou pelas principais ruas da cidade de Salo\u00e1 na manh\u00e3 desta quarta-feira (26) o maior bloco carnavalesco da hist\u00f3ria do munic\u00edpio. Formado por professores, alunos, profissionais da sa\u00fade, educa\u00e7\u00e3o e assist\u00eancia social, o Bloco da Uni\u00e3o como foi batizado, levou uma orquestra do aut\u00eantico frevo pernambucano, estandartes, confete, serpentinas e muita anima\u00e7\u00e3o pelas ruas da [&hellip;]<\/p>\n","protected":false},"author":1,"featured_media":0,"comment_status":"open","ping_status":"open","sticky":false,"template":"","format":"standard","meta":{"footnotes":""},"categories":[2],"tags":[],"class_list":["post-688","post","type-post","status-publish","format-standard","hentry","category-noticias-do-dia"],"_links":{"self":[{"href":"https:\/\/www.saloanoticias.com\/v1\/wp-json\/wp\/v2\/posts\/688","targetHints":{"allow":["GET"]}}],"collection":[{"href":"https:\/\/www.saloanoticias.com\/v1\/wp-json\/wp\/v2\/posts"}],"about":[{"href":"https:\/\/www.saloanoticias.com\/v1\/wp-json\/wp\/v2\/types\/post"}],"author":[{"embeddable":true,"href":"https:\/\/www.saloanoticias.com\/v1\/wp-json\/wp\/v2\/users\/1"}],"replies":[{"embeddable":true,"href":"https:\/\/www.saloanoticias.com\/v1\/wp-json\/wp\/v2\/comments?post=688"}],"version-history":[{"count":0,"href":"https:\/\/www.saloanoticias.com\/v1\/wp-json\/wp\/v2\/posts\/688\/revisions"}],"wp:attachment":[{"href":"https:\/\/www.saloanoticias.com\/v1\/wp-json\/wp\/v2\/media?parent=688"}],"wp:term":[{"taxonomy":"category","embeddable":true,"href":"https:\/\/www.saloanoticias.com\/v1\/wp-json\/wp\/v2\/categories?post=688"},{"taxonomy":"post_tag","embeddable":true,"href":"https:\/\/www.saloanoticias.com\/v1\/wp-json\/wp\/v2\/tags?post=688"}],"curies":[{"name":"wp","href":"https:\/\/api.w.org\/{rel}","templated":true}]}}