{"id":687,"date":"2014-02-26T22:39:16","date_gmt":"2014-02-26T22:39:16","guid":{"rendered":"https:\/\/saloanoticias.mrmediaweb.com\/v1\/2014\/02\/26\/aguas-belas-divulga-programacao-do-carnaval-das-etnias\/"},"modified":"2014-02-26T22:39:16","modified_gmt":"2014-02-26T22:39:16","slug":"aguas-belas-divulga-programacao-do-carnaval-das-etnias","status":"publish","type":"post","link":"https:\/\/www.saloanoticias.com\/v1\/aguas-belas-divulga-programacao-do-carnaval-das-etnias\/","title":{"rendered":"\u00c1GUAS BELAS DIVULGA PROGRAMA\u00c7\u00c3O DO CARNAVAL DAS ETNIAS"},"content":{"rendered":"<p align=\"justify\"><font size=\"3\" face=\"Arial\"><a href=\"http:\/\/www.saloanoticias.com\/images\/genivaldo_ceaf8d9bc6824b3a86093e718165875a.jpg\"><img loading=\"lazy\" decoding=\"async\" title=\"Genivaldo\" style=\"border-top: 0px; border-right: 0px; background-image: none; border-bottom: 0px; float: none; padding-top: 0px; padding-left: 0px; margin: 0px auto 10px; border-left: 0px; display: block; padding-right: 0px\" border=\"0\" alt=\"Genivaldo\" src=\"http:\/\/www.saloanoticias.com\/v1\/wp-content\/uploads\/imagens\/genivaldo_thumb_74ff4d1d7b8b6f66d2da87ab0d1b8a58.jpg\" width=\"585\" height=\"439\"><\/a>O Prefeito de \u00c1guas Belas, Genivaldo Menezes Delgado (PT) anunciou na \u00faltima ter\u00e7a-feira, dia 18, a programa\u00e7\u00e3o oficial do Carnaval 2014, denominado de Carnaval das Etnias. Com a realiza\u00e7\u00e3o, a Cidade se consolida definitivamente como um dos principais Polos Carnavalescos de Pernambuco. A \u2018festa de momo\u2019 ser\u00e1 iniciada na pr\u00f3xima segunda-feira, dia 24, com cortejos culturais di\u00e1rios pelas ruas da Cidade contando com blocos l\u00edricos, de caboclinho, maracatu, bonecos gigantes e papangus. J\u00e1 na quinta-feira, dia 27, \u00e9 a vez de um dos blocos mais irreverentes desfilarem na Avenida central da Cidade. <\/font><font size=\"3\" face=\"Arial\">Trata-se do Bloco das Virgens, que neste ano ser\u00e1 puxado pela Banda Bicho do Mato e Trio Pantera.<\/font><\/p>\n<p align=\"justify\"><a href=\"http:\/\/www.saloanoticias.com\/images\/guas-belas_ab3bb2eac81964fd1e5b7e1e70815952.jpg\"><img loading=\"lazy\" decoding=\"async\" title=\"&aacute;guas belas\" style=\"border-top: 0px; border-right: 0px; background-image: none; border-bottom: 0px; float: none; padding-top: 0px; padding-left: 0px; margin: 10px auto; border-left: 0px; display: block; padding-right: 0px\" border=\"0\" alt=\"&aacute;guas belas\" src=\"http:\/\/www.saloanoticias.com\/v1\/wp-content\/uploads\/imagens\/guas-belas_thumb_a00c7fec2c2df16fe77fd1cba27f29dc.jpg\" width=\"589\" height=\"418\"><\/a><\/p>\n<p align=\"justify\"><font size=\"3\" face=\"Arial\">As apresenta\u00e7\u00f5es musicais e culturais t\u00eam inicio no dia 1\u00ba de mar\u00e7o, em palco montado na Pra\u00e7a de Eventos. Nomes como Jo\u00e3o do Morro, Elifas J\u00fanior, Sandra de S\u00e1 e o grupo de pagode, Karametade integram a programa\u00e7\u00e3o. <\/font><font size=\"3\" face=\"Arial\">\u201cTamb\u00e9m contaremos, durante todos os dias de carnaval, com os tradicionais blocos de rua: Beija-Flor Fulni-\u00f4; Z\u00e9 do R\u00e1dio; A Mulher do Menino; Zumbi e o famoso arrast\u00e3o de todos os blocos na tarde da ter\u00e7a-feira de carnaval\u201d, registra o Prefeito Genivaldo, que complementa: \u201c\u00c1guas Belas tonou-se nesses \u00faltimos anos um grande polo carnavalesco.<\/font><\/p>\n<p align=\"justify\"><font size=\"3\" face=\"Arial\">Uma cidade de etnias, de ra\u00e7as, em que as culturas se misturam e fazem hoje, sem d\u00favida, um dos melhores festejos de Momo da regi\u00e3o\u201d, pontuou o Governante \u00c1guas-belense. <\/font><font size=\"3\" face=\"Arial\">A folia carnavalesca em \u00c1guas Belas \u00e9 uma realiza\u00e7\u00e3o da Prefeitura em parceria com o Governo do Estado, atrav\u00e9s da Fundarpe e Empetur.<\/font><\/p>\n<p align=\"center\"><font size=\"3\" face=\"Arial\"><font face=\"Arial Black\"><u>CONFIRA A PROGRAMA\u00c7\u00c3O DO CARNAVAL DAS ETNIAS DE \u00c1GUAS BELAS:<\/u><\/font> <\/font><\/p>\n<p align=\"center\"><font size=\"3\" face=\"Arial Black\">* <u>A partir de Segunda-feira \u2013 24 de Fevereiro de 2014.<\/u> <\/font><\/p>\n<p align=\"center\"><font size=\"3\" face=\"Arial Black\">&#8211; Cortejos Culturais pelas ruas da Cidade, contando com blocos L\u00edricos, Caboclinho, Maracatu, Bonecos Gigantes e Papangus. <\/font><\/p>\n<p align=\"center\"><font size=\"3\" face=\"Arial Black\">* <u>Quinta-feira \u2013 27 de fevereiro de 2014.<\/u> <\/font><\/p>\n<p align=\"center\"><font size=\"3\" face=\"Arial Black\">&#8211; Bloco das Virgens, com Bicho do Mato e Trio Pantera.<\/font><\/p>\n<p align=\"center\"><font size=\"3\" face=\"Arial Black\">* <u>S\u00e1bado \u2013 1\u00ba de Mar\u00e7o de 2014<\/u><\/font><\/p>\n<p align=\"center\"><font size=\"3\" face=\"Arial Black\">&#8211; 20h \u2013 Beto Bandoleiro<br \/>&#8211; 22h \u2013 Banda Vinil<br \/>&#8211; 00h \u2013 Jo\u00e3o do Morro.<\/font><\/p>\n<p align=\"center\"><font size=\"3\" face=\"Arial Black\">* <u>Domingo \u2013 2 de mar\u00e7o de 2014<\/u><\/font><\/p>\n<p align=\"center\"><font size=\"3\" face=\"Arial Black\">&#8211; 20h \u2013 Rodolfo Melo<br \/>&#8211; 22h \u2013 Banda Pinguim<br \/>&#8211; 00h \u2013 Elifas J\u00fanior.<\/font><\/p>\n<p align=\"center\"><font size=\"3\" face=\"Arial Black\">* <u>Segunda-feira \u2013 3 de mar\u00e7o de 2014.<\/u> <\/font><\/p>\n<p align=\"center\"><font size=\"3\" face=\"Arial Black\">&#8211; 20h \u2013 Bolad\u00f5es El\u00e9trico<br \/>&#8211; 22h \u2013 Marrom Brasileiro<br \/>&#8211; 00h \u2013 Karametade.<\/font><\/p>\n<p align=\"center\"><font size=\"3\" face=\"Arial Black\">* <u>Ter\u00e7a-feira \u2013 4 de mar\u00e7o de 2014.<\/u><\/font><\/p>\n<p align=\"center\"><font size=\"3\" face=\"Arial Black\">&#8211; 18h \u2013 Voadores El\u00e9trico<br \/>&#8211; 20h \u2013 Ely Perroas<br \/>&#8211; 22h \u2013 M\u00e1rcia Sampaio<br \/>&#8211; 00h \u2013 Sandra de S\u00e1.<\/font><\/p>\n<p align=\"justify\"><font size=\"3\" face=\"Arial Black\">Fonte&nbsp; &#8211;&nbsp; Ascom\/Prefeitura de \u00c1guas Belas (Texto Carlos Eug\u00eanio)<\/font><\/p>\n<div style=\"margin-top: 0px; margin-bottom: 0px;\" class=\"sharethis-inline-share-buttons\" ><\/div>","protected":false},"excerpt":{"rendered":"<p>O Prefeito de \u00c1guas Belas, Genivaldo Menezes Delgado (PT) anunciou na \u00faltima ter\u00e7a-feira, dia 18, a programa\u00e7\u00e3o oficial do Carnaval 2014, denominado de Carnaval das Etnias. Com a realiza\u00e7\u00e3o, a Cidade se consolida definitivamente como um dos principais Polos Carnavalescos de Pernambuco. A \u2018festa de momo\u2019 ser\u00e1 iniciada na pr\u00f3xima segunda-feira, dia 24, com cortejos [&hellip;]<\/p>\n","protected":false},"author":1,"featured_media":0,"comment_status":"open","ping_status":"open","sticky":false,"template":"","format":"standard","meta":{"footnotes":""},"categories":[2],"tags":[],"class_list":["post-687","post","type-post","status-publish","format-standard","hentry","category-noticias-do-dia"],"_links":{"self":[{"href":"https:\/\/www.saloanoticias.com\/v1\/wp-json\/wp\/v2\/posts\/687","targetHints":{"allow":["GET"]}}],"collection":[{"href":"https:\/\/www.saloanoticias.com\/v1\/wp-json\/wp\/v2\/posts"}],"about":[{"href":"https:\/\/www.saloanoticias.com\/v1\/wp-json\/wp\/v2\/types\/post"}],"author":[{"embeddable":true,"href":"https:\/\/www.saloanoticias.com\/v1\/wp-json\/wp\/v2\/users\/1"}],"replies":[{"embeddable":true,"href":"https:\/\/www.saloanoticias.com\/v1\/wp-json\/wp\/v2\/comments?post=687"}],"version-history":[{"count":0,"href":"https:\/\/www.saloanoticias.com\/v1\/wp-json\/wp\/v2\/posts\/687\/revisions"}],"wp:attachment":[{"href":"https:\/\/www.saloanoticias.com\/v1\/wp-json\/wp\/v2\/media?parent=687"}],"wp:term":[{"taxonomy":"category","embeddable":true,"href":"https:\/\/www.saloanoticias.com\/v1\/wp-json\/wp\/v2\/categories?post=687"},{"taxonomy":"post_tag","embeddable":true,"href":"https:\/\/www.saloanoticias.com\/v1\/wp-json\/wp\/v2\/tags?post=687"}],"curies":[{"name":"wp","href":"https:\/\/api.w.org\/{rel}","templated":true}]}}