{"id":686,"date":"2014-02-26T12:06:23","date_gmt":"2014-02-26T12:06:23","guid":{"rendered":"https:\/\/saloanoticias.mrmediaweb.com\/v1\/2014\/02\/26\/estudantes-do-monsenhor-joao-marques-estarao-no-carnaval-de-olinda\/"},"modified":"2014-02-26T12:06:23","modified_gmt":"2014-02-26T12:06:23","slug":"estudantes-do-monsenhor-joao-marques-estarao-no-carnaval-de-olinda","status":"publish","type":"post","link":"https:\/\/www.saloanoticias.com\/v1\/estudantes-do-monsenhor-joao-marques-estarao-no-carnaval-de-olinda\/","title":{"rendered":"ALUNOS DO MONSENHOR JO\u00c3O MARQUES ESTAR\u00c3O NO CARNAVAL DE OLINDA"},"content":{"rendered":"<p align=\"justify\"><font size=\"3\" face=\"Arial\"><a href=\"http:\/\/www.saloanoticias.com\/images\/olinda.jpg\"><img loading=\"lazy\" decoding=\"async\" title=\"Olinda\" style=\"border-top: 0px; border-right: 0px; background-image: none; border-bottom: 0px; float: none; padding-top: 0px; padding-left: 0px; margin: 0px auto 10px; border-left: 0px; display: block; padding-right: 0px\" border=\"0\" alt=\"Olinda\" src=\"http:\/\/www.saloanoticias.com\/v1\/wp-content\/uploads\/imagens\/olinda_thumb.jpg\" width=\"560\" height=\"376\"><\/a>Os estudantes do terceiro ano da EREM MONSENHOR JO\u00c3O MARQUES da cidade de Salo\u00e1\/PE estar\u00e3o no Carnaval do Recife na pr\u00f3xima quinta-feira, 27 de fevereiro de 2014, e representar\u00e3o o munic\u00edpio no Concurso&nbsp; de Estandartes na Capital do Estado desfilando nas ladeiras de Olinda. A iniciativa tem o objetivo de inserir a cultura pernambucana no cotidiano dos alunos e mostrar aos mesmos o tamanho e a dimens\u00e3o do nosso carnaval. Os alunos ser\u00e3o acompanhados por professores e orientadores da escola que dar\u00e3o total apoio aos estudantes saloaenses na capital do estado.<\/font><\/p>\n<div style=\"margin-top: 0px; margin-bottom: 0px;\" class=\"sharethis-inline-share-buttons\" ><\/div>","protected":false},"excerpt":{"rendered":"<p>Os estudantes do terceiro ano da EREM MONSENHOR JO\u00c3O MARQUES da cidade de Salo\u00e1\/PE estar\u00e3o no Carnaval do Recife na pr\u00f3xima quinta-feira, 27 de fevereiro de 2014, e representar\u00e3o o munic\u00edpio no Concurso&nbsp; de Estandartes na Capital do Estado desfilando nas ladeiras de Olinda. A iniciativa tem o objetivo de inserir a cultura pernambucana no [&hellip;]<\/p>\n","protected":false},"author":1,"featured_media":0,"comment_status":"open","ping_status":"open","sticky":false,"template":"","format":"standard","meta":{"footnotes":""},"categories":[2],"tags":[],"class_list":["post-686","post","type-post","status-publish","format-standard","hentry","category-noticias-do-dia"],"_links":{"self":[{"href":"https:\/\/www.saloanoticias.com\/v1\/wp-json\/wp\/v2\/posts\/686","targetHints":{"allow":["GET"]}}],"collection":[{"href":"https:\/\/www.saloanoticias.com\/v1\/wp-json\/wp\/v2\/posts"}],"about":[{"href":"https:\/\/www.saloanoticias.com\/v1\/wp-json\/wp\/v2\/types\/post"}],"author":[{"embeddable":true,"href":"https:\/\/www.saloanoticias.com\/v1\/wp-json\/wp\/v2\/users\/1"}],"replies":[{"embeddable":true,"href":"https:\/\/www.saloanoticias.com\/v1\/wp-json\/wp\/v2\/comments?post=686"}],"version-history":[{"count":0,"href":"https:\/\/www.saloanoticias.com\/v1\/wp-json\/wp\/v2\/posts\/686\/revisions"}],"wp:attachment":[{"href":"https:\/\/www.saloanoticias.com\/v1\/wp-json\/wp\/v2\/media?parent=686"}],"wp:term":[{"taxonomy":"category","embeddable":true,"href":"https:\/\/www.saloanoticias.com\/v1\/wp-json\/wp\/v2\/categories?post=686"},{"taxonomy":"post_tag","embeddable":true,"href":"https:\/\/www.saloanoticias.com\/v1\/wp-json\/wp\/v2\/tags?post=686"}],"curies":[{"name":"wp","href":"https:\/\/api.w.org\/{rel}","templated":true}]}}