{"id":685,"date":"2014-02-25T22:28:12","date_gmt":"2014-02-25T22:28:12","guid":{"rendered":"https:\/\/saloanoticias.mrmediaweb.com\/v1\/2014\/02\/25\/projeto-evoe-traz-maracatu-para-o-carnaval-de-saloa-pe\/"},"modified":"2014-02-25T22:28:12","modified_gmt":"2014-02-25T22:28:12","slug":"projeto-evoe-traz-maracatu-para-o-carnaval-de-saloa-pe","status":"publish","type":"post","link":"https:\/\/www.saloanoticias.com\/v1\/projeto-evoe-traz-maracatu-para-o-carnaval-de-saloa-pe\/","title":{"rendered":"PROJETO EVO\u00c9 TRAZ MARACATU PARA O CARNAVAL DE SALO\u00c1\/PE"},"content":{"rendered":"<p align=\"justify\"><a href=\"http:\/\/www.saloanoticias.com\/images\/evoe.jpg\"><font size=\"3\" face=\"Arial\"><img loading=\"lazy\" decoding=\"async\" title=\"Evoe\" style=\"border-top: 0px; border-right: 0px; background-image: none; border-bottom: 0px; float: none; padding-top: 0px; padding-left: 0px; margin: 0px auto 10px; border-left: 0px; display: block; padding-right: 0px\" border=\"0\" alt=\"Evoe\" src=\"http:\/\/www.saloanoticias.com\/v1\/wp-content\/uploads\/imagens\/evoe_thumb.jpg\" width=\"623\" height=\"467\"><\/font><\/a><font size=\"3\"><font face=\"Arial\">A secretaria municipal de Educa\u00e7\u00e3o de Salo\u00e1, atrav\u00e9s do departamento de cultura, deu in\u00edcio esta semana ao projeto \u201cEvo\u00e9 o carnaval de Pernambuco\u201d, com a realiza\u00e7\u00e3o de oficina de percuss\u00e3o, que acontece na pra\u00e7a S\u00e3o Vicente, no centro da cidade. Cerca de 15 jovens participam da oficina que est\u00e1 sendo ministrada at\u00e9 esta ter\u00e7a feira (25) pelo professor H\u00e9rico Faustino. <\/font><font face=\"Arial\">Esta semana pr\u00e9-carnavalesca de Salo\u00e1, acontece em parceria com o Sesc e o Projeto Batuque. Segundo o arte educador Pacheco Neto, hoje haver\u00e1 a culmin\u00e2ncia do Projeto Evo\u00e9, envolvendo os alunos da escola Manuel Vicente que vivenciaram o Maracatu em sala de aula.<\/font><\/font> <\/p>\n<p align=\"justify\"><font size=\"3\" face=\"Arial\">Os estudantes sa\u00edram pelas ruas da cidade, num bel\u00edssimo cortejo do Maracatu acompanhados pelos alunos da oficina de percuss\u00e3o far\u00e3o a festa no centro da cidade. Segundo a secret\u00e1ria de educa\u00e7\u00e3o, Josevalda Cavalcante, a intens\u00e3o do projeto Evo\u00e9 o Carnaval de Pernambuco \u00e9 resgatar valores culturais atrav\u00e9s de uma a\u00e7\u00e3o multi-disciplinar. \u201cN\u00f3s festejamos o carnaval de maneira que os estudantes entendam o porqu\u00ea da atividade. O professor Miguel J\u00fanior, coordenador pedag\u00f3gico tem dado uma contribui\u00e7\u00e3o importante neste processo de entendimento das express\u00f5es do carnaval. O Maracatu est\u00e1 sendo muito aguardado pela popula\u00e7\u00e3o para as apresenta\u00e7\u00f5es que acontece, a partir das 15 horas na pra\u00e7a s\u00e3o Vicente\u201d, disse Josevalda.<\/font> <\/p>\n<p align=\"justify\"><font size=\"3\" face=\"Arial Black\">Fonte&nbsp; &#8211;&nbsp; Ascom\/Salo\u00e1&nbsp; &#8211;&nbsp; Texto Geraldo Mouret<\/font><\/p>\n<div style=\"margin-top: 0px; margin-bottom: 0px;\" class=\"sharethis-inline-share-buttons\" ><\/div>","protected":false},"excerpt":{"rendered":"<p>A secretaria municipal de Educa\u00e7\u00e3o de Salo\u00e1, atrav\u00e9s do departamento de cultura, deu in\u00edcio esta semana ao projeto \u201cEvo\u00e9 o carnaval de Pernambuco\u201d, com a realiza\u00e7\u00e3o de oficina de percuss\u00e3o, que acontece na pra\u00e7a S\u00e3o Vicente, no centro da cidade. Cerca de 15 jovens participam da oficina que est\u00e1 sendo ministrada at\u00e9 esta ter\u00e7a feira [&hellip;]<\/p>\n","protected":false},"author":1,"featured_media":0,"comment_status":"open","ping_status":"open","sticky":false,"template":"","format":"standard","meta":{"footnotes":""},"categories":[2],"tags":[],"class_list":["post-685","post","type-post","status-publish","format-standard","hentry","category-noticias-do-dia"],"_links":{"self":[{"href":"https:\/\/www.saloanoticias.com\/v1\/wp-json\/wp\/v2\/posts\/685","targetHints":{"allow":["GET"]}}],"collection":[{"href":"https:\/\/www.saloanoticias.com\/v1\/wp-json\/wp\/v2\/posts"}],"about":[{"href":"https:\/\/www.saloanoticias.com\/v1\/wp-json\/wp\/v2\/types\/post"}],"author":[{"embeddable":true,"href":"https:\/\/www.saloanoticias.com\/v1\/wp-json\/wp\/v2\/users\/1"}],"replies":[{"embeddable":true,"href":"https:\/\/www.saloanoticias.com\/v1\/wp-json\/wp\/v2\/comments?post=685"}],"version-history":[{"count":0,"href":"https:\/\/www.saloanoticias.com\/v1\/wp-json\/wp\/v2\/posts\/685\/revisions"}],"wp:attachment":[{"href":"https:\/\/www.saloanoticias.com\/v1\/wp-json\/wp\/v2\/media?parent=685"}],"wp:term":[{"taxonomy":"category","embeddable":true,"href":"https:\/\/www.saloanoticias.com\/v1\/wp-json\/wp\/v2\/categories?post=685"},{"taxonomy":"post_tag","embeddable":true,"href":"https:\/\/www.saloanoticias.com\/v1\/wp-json\/wp\/v2\/tags?post=685"}],"curies":[{"name":"wp","href":"https:\/\/api.w.org\/{rel}","templated":true}]}}