{"id":684,"date":"2014-02-25T12:32:12","date_gmt":"2014-02-25T12:32:12","guid":{"rendered":"https:\/\/saloanoticias.mrmediaweb.com\/v1\/2014\/02\/25\/ministro-da-saude-visita-saloa-e-garante-recursos-para-o-municipio\/"},"modified":"2014-02-25T12:32:12","modified_gmt":"2014-02-25T12:32:12","slug":"ministro-da-saude-visita-saloa-e-garante-recursos-para-o-municipio","status":"publish","type":"post","link":"https:\/\/www.saloanoticias.com\/v1\/ministro-da-saude-visita-saloa-e-garante-recursos-para-o-municipio\/","title":{"rendered":"MINISTRO DA SA\u00daDE VISITA SALO\u00c1 E GARANTE RECURSOS PARA O MUNIC\u00cdPIO"},"content":{"rendered":"<p align=\"justify\"><font size=\"3\" face=\"Arial\"><a href=\"http:\/\/www.saloanoticias.com\/images\/desfiledsc_4463.jpg\"><img loading=\"lazy\" decoding=\"async\" title=\"desfileDSC_4463\" style=\"border-top: 0px; border-right: 0px; background-image: none; border-bottom: 0px; float: none; padding-top: 0px; padding-left: 0px; margin: 0px auto 10px; border-left: 0px; display: block; padding-right: 0px\" border=\"0\" alt=\"desfileDSC_4463\" src=\"http:\/\/www.saloanoticias.com\/v1\/wp-content\/uploads\/imagens\/desfiledsc_4463_thumb.jpg\" width=\"578\" height=\"383\"><\/a>Neste final de semana o Ministro Interino da sa\u00fade, Mozart Sales, esteve visitando o Agreste Meridional. Ele chegou \u00e0 Salo\u00e1 no s\u00e1bado (22), ocasi\u00e3o em se reuniu com o prefeito Ricardo Alves para tratar de assuntos ligados \u00e0 sa\u00fade do munic\u00edpio. Tamb\u00e9m fez parte da pauta ministerial, uma entrevista com as m\u00e9dicas cubanas, para ver como est\u00e1 funcionando o Programa Mais M\u00e9dicos. <\/font><font size=\"3\" face=\"Arial\">Mozart Sales, \u00e9 o criador do \u201cMais M\u00e9dicos\u201d e tem dedicado uma aten\u00e7\u00e3o especial ao programa. A sua visita garante um acompanhamento pontual em cada munic\u00edpio e mostra grande afinidade com o Governante local.<\/font> <\/p>\n<p align=\"justify\"><a href=\"http:\/\/www.saloanoticias.com\/images\/desfiledsc_4505.jpg\"><img loading=\"lazy\" decoding=\"async\" title=\"desfileDSC_4505\" style=\"border-top: 0px; border-right: 0px; background-image: none; border-bottom: 0px; float: none; padding-top: 0px; padding-left: 0px; margin: 10px auto; border-left: 0px; display: block; padding-right: 0px\" border=\"0\" alt=\"desfileDSC_4505\" src=\"http:\/\/www.saloanoticias.com\/v1\/wp-content\/uploads\/imagens\/desfiledsc_4505_thumb.jpg\" width=\"570\" height=\"378\"><\/a> <\/p>\n<p align=\"justify\"><font size=\"3\" face=\"Arial\">O Ministro garantiu a implanta\u00e7\u00e3o de duas novas Unidades de Sa\u00fade da Fam\u00edlia em Salo\u00e1, al\u00e9m de buscar recursos para uma Unidade M\u00f3vel de Odontologia, que segundo ele dever\u00e1 facilitar o atendimento dos dentistas em todas as comunidades. \u201cSalo\u00e1 tem um servi\u00e7o odontol\u00f3gico muito eficiente para a cidade, mas uma unidade m\u00f3vel certamente desafogar\u00e1 o atendimento dos PSFs\u201d, disse. <\/font><font size=\"3\" face=\"Arial\">Para o prefeito Ricardo Alves, a vinda do Ministro da Sa\u00fade assegura ainda, o projeto de saneamento b\u00e1sico que tramita no Minist\u00e9rio, or\u00e7ado em mais de R$ 3 milh\u00f5es de reais.<\/font> <\/p>\n<p align=\"justify\"><a href=\"http:\/\/www.saloanoticias.com\/images\/desfiledsc_4502.jpg\"><img loading=\"lazy\" decoding=\"async\" title=\"desfileDSC_4502\" style=\"border-top: 0px; border-right: 0px; background-image: none; border-bottom: 0px; float: none; padding-top: 0px; padding-left: 0px; margin: 10px auto; border-left: 0px; display: block; padding-right: 0px\" border=\"0\" alt=\"desfileDSC_4502\" src=\"http:\/\/www.saloanoticias.com\/v1\/wp-content\/uploads\/imagens\/desfiledsc_4502_thumb.jpg\" width=\"570\" height=\"378\"><\/a> <\/p>\n<p align=\"justify\"><font size=\"3\" face=\"Arial\">\u201cN\u00f3s temos um projeto no campo do saneamento b\u00e1sico para Salo\u00e1, que ir\u00e1 sem sombra de d\u00favidas, causar um impacto positivo. Toda a nossa cidade ser\u00e1 asfaltada e ter\u00e1 esgotamento sanit\u00e1rio, promovendo dignidade ao nosso povo\u201d, disse o prefeito Ricardo. <\/font><font size=\"3\" face=\"Arial\">A influ\u00eancia do prefeito de Salo\u00e1 com o Ministro da Sa\u00fade tem se tornado cada vez mais pertinente. Em Recife, s\u00e3o frequentes os momentos em que se encontram para tratar de assuntos do munic\u00edpio. Nesta visita, Mozart Sales esteve acompanhado pelo Assessor da Secretaria de Gest\u00e3o do Minist\u00e9rio da Sa\u00fade em Pernambuco, Gileno Gomes.<\/font> <\/p>\n<p align=\"justify\"><a href=\"http:\/\/www.saloanoticias.com\/images\/desfiledsc_4547.jpg\"><img loading=\"lazy\" decoding=\"async\" title=\"desfileDSC_4547\" style=\"border-top: 0px; border-right: 0px; background-image: none; border-bottom: 0px; float: none; padding-top: 0px; padding-left: 0px; margin: 10px auto; border-left: 0px; display: block; padding-right: 0px\" border=\"0\" alt=\"desfileDSC_4547\" src=\"http:\/\/www.saloanoticias.com\/v1\/wp-content\/uploads\/imagens\/desfiledsc_4547_thumb.jpg\" width=\"567\" height=\"376\"><\/a> <\/p>\n<p align=\"justify\"><font size=\"3\" face=\"Arial\">Ap\u00f3s a visita de trabalho, a comitiva seguiu para o Hotel Fazenda Brejo, onde conheceram um pouco da regi\u00e3o de mata do munic\u00edpio, almo\u00e7aram e seguiram viagem para a capital.<\/font> <\/p>\n<p align=\"justify\"><a href=\"http:\/\/www.saloanoticias.com\/images\/desfiledsc_4558.jpg\"><img loading=\"lazy\" decoding=\"async\" title=\"desfileDSC_4558\" style=\"border-top: 0px; border-right: 0px; background-image: none; border-bottom: 0px; float: none; padding-top: 0px; padding-left: 0px; margin: 10px auto; border-left: 0px; display: block; padding-right: 0px\" border=\"0\" alt=\"desfileDSC_4558\" src=\"http:\/\/www.saloanoticias.com\/v1\/wp-content\/uploads\/imagens\/desfiledsc_4558_thumb.jpg\" width=\"568\" height=\"376\"><\/a> <\/p>\n<p align=\"justify\"><font size=\"3\" face=\"Arial Black\"><a href=\"http:\/\/www.saloanoticias.com\/images\/desfiledsc_4590.jpg\"><img loading=\"lazy\" decoding=\"async\" title=\"desfileDSC_4590\" style=\"border-top: 0px; border-right: 0px; background-image: none; border-bottom: 0px; float: none; padding-top: 0px; padding-left: 0px; margin: 10px auto; border-left: 0px; display: block; padding-right: 0px\" border=\"0\" alt=\"desfileDSC_4590\" src=\"http:\/\/www.saloanoticias.com\/v1\/wp-content\/uploads\/imagens\/desfiledsc_4590_thumb.jpg\" width=\"567\" height=\"376\"><\/a><\/font> <\/p>\n<p align=\"justify\"><font size=\"3\" face=\"Arial Black\"><a href=\"http:\/\/www.saloanoticias.com\/images\/desfiledsc_4601.jpg\"><img loading=\"lazy\" decoding=\"async\" title=\"desfileDSC_4601\" style=\"border-top: 0px; border-right: 0px; background-image: none; border-bottom: 0px; float: none; padding-top: 0px; padding-left: 0px; margin: 10px auto; border-left: 0px; display: block; padding-right: 0px\" border=\"0\" alt=\"desfileDSC_4601\" src=\"http:\/\/www.saloanoticias.com\/v1\/wp-content\/uploads\/imagens\/desfiledsc_4601_thumb.jpg\" width=\"568\" height=\"376\"><\/a><\/font> <\/p>\n<p align=\"justify\"><font size=\"3\" face=\"Arial Black\"><a href=\"http:\/\/www.saloanoticias.com\/images\/desfiledsc_4613.jpg\"><img loading=\"lazy\" decoding=\"async\" title=\"desfileDSC_4613\" style=\"border-top: 0px; border-right: 0px; background-image: none; border-bottom: 0px; float: none; padding-top: 0px; padding-left: 0px; margin: 10px auto; border-left: 0px; display: block; padding-right: 0px\" border=\"0\" alt=\"desfileDSC_4613\" src=\"http:\/\/www.saloanoticias.com\/v1\/wp-content\/uploads\/imagens\/desfiledsc_4613_thumb.jpg\" width=\"566\" height=\"375\"><\/a><\/font> <\/p>\n<p align=\"justify\"><font size=\"3\" face=\"Arial Black\"><a href=\"http:\/\/www.saloanoticias.com\/images\/desfiledsc_4632.jpg\"><img loading=\"lazy\" decoding=\"async\" title=\"desfileDSC_4632\" style=\"border-top: 0px; border-right: 0px; background-image: none; border-bottom: 0px; float: none; padding-top: 0px; padding-left: 0px; margin-left: auto; border-left: 0px; display: block; padding-right: 0px; margin-right: auto\" border=\"0\" alt=\"desfileDSC_4632\" src=\"http:\/\/www.saloanoticias.com\/v1\/wp-content\/uploads\/imagens\/desfiledsc_4632_thumb.jpg\" width=\"566\" height=\"375\"><\/a><\/font> <\/p>\n<p align=\"justify\"><font size=\"3\" face=\"Arial Black\"><a href=\"http:\/\/www.saloanoticias.com\/images\/desfiledsc_4645.jpg\"><img loading=\"lazy\" decoding=\"async\" title=\"desfileDSC_4645\" style=\"border-top: 0px; border-right: 0px; background-image: none; border-bottom: 0px; float: none; padding-top: 0px; padding-left: 0px; margin: 10px auto; border-left: 0px; display: block; padding-right: 0px\" border=\"0\" alt=\"desfileDSC_4645\" src=\"http:\/\/www.saloanoticias.com\/v1\/wp-content\/uploads\/imagens\/desfiledsc_4645_thumb.jpg\" width=\"568\" height=\"376\"><\/a><\/font> <\/p>\n<p align=\"justify\"><font size=\"3\" face=\"Arial Black\"><a href=\"http:\/\/www.saloanoticias.com\/images\/desfiledsc_4688.jpg\"><img loading=\"lazy\" decoding=\"async\" title=\"desfileDSC_4688\" style=\"border-top: 0px; border-right: 0px; background-image: none; border-bottom: 0px; float: none; padding-top: 0px; padding-left: 0px; margin: 10px auto; border-left: 0px; display: block; padding-right: 0px\" border=\"0\" alt=\"desfileDSC_4688\" src=\"http:\/\/www.saloanoticias.com\/v1\/wp-content\/uploads\/imagens\/desfiledsc_4688_thumb.jpg\" width=\"568\" height=\"376\"><\/a><\/font> <\/p>\n<p align=\"justify\"><font size=\"3\" face=\"Arial Black\">Fonte&nbsp; &#8211;&nbsp; Ascom\/Salo\u00e1\/PE&nbsp; &#8211;&nbsp; Fotos By Jos\u00e9 Cordeiro&nbsp; &#8211;&nbsp; Texto Geraldo Mouret<\/font><\/p>\n<div style=\"margin-top: 0px; margin-bottom: 0px;\" class=\"sharethis-inline-share-buttons\" ><\/div>","protected":false},"excerpt":{"rendered":"<p>Neste final de semana o Ministro Interino da sa\u00fade, Mozart Sales, esteve visitando o Agreste Meridional. Ele chegou \u00e0 Salo\u00e1 no s\u00e1bado (22), ocasi\u00e3o em se reuniu com o prefeito Ricardo Alves para tratar de assuntos ligados \u00e0 sa\u00fade do munic\u00edpio. Tamb\u00e9m fez parte da pauta ministerial, uma entrevista com as m\u00e9dicas cubanas, para ver [&hellip;]<\/p>\n","protected":false},"author":1,"featured_media":0,"comment_status":"open","ping_status":"open","sticky":false,"template":"","format":"standard","meta":{"footnotes":""},"categories":[2],"tags":[],"class_list":["post-684","post","type-post","status-publish","format-standard","hentry","category-noticias-do-dia"],"_links":{"self":[{"href":"https:\/\/www.saloanoticias.com\/v1\/wp-json\/wp\/v2\/posts\/684","targetHints":{"allow":["GET"]}}],"collection":[{"href":"https:\/\/www.saloanoticias.com\/v1\/wp-json\/wp\/v2\/posts"}],"about":[{"href":"https:\/\/www.saloanoticias.com\/v1\/wp-json\/wp\/v2\/types\/post"}],"author":[{"embeddable":true,"href":"https:\/\/www.saloanoticias.com\/v1\/wp-json\/wp\/v2\/users\/1"}],"replies":[{"embeddable":true,"href":"https:\/\/www.saloanoticias.com\/v1\/wp-json\/wp\/v2\/comments?post=684"}],"version-history":[{"count":0,"href":"https:\/\/www.saloanoticias.com\/v1\/wp-json\/wp\/v2\/posts\/684\/revisions"}],"wp:attachment":[{"href":"https:\/\/www.saloanoticias.com\/v1\/wp-json\/wp\/v2\/media?parent=684"}],"wp:term":[{"taxonomy":"category","embeddable":true,"href":"https:\/\/www.saloanoticias.com\/v1\/wp-json\/wp\/v2\/categories?post=684"},{"taxonomy":"post_tag","embeddable":true,"href":"https:\/\/www.saloanoticias.com\/v1\/wp-json\/wp\/v2\/tags?post=684"}],"curies":[{"name":"wp","href":"https:\/\/api.w.org\/{rel}","templated":true}]}}