{"id":683,"date":"2014-02-25T11:30:29","date_gmt":"2014-02-25T11:30:29","guid":{"rendered":"https:\/\/saloanoticias.mrmediaweb.com\/v1\/2014\/02\/25\/acidente-deixa-14-mortos-em-venturosa\/"},"modified":"2014-02-25T11:30:29","modified_gmt":"2014-02-25T11:30:29","slug":"acidente-deixa-14-mortos-em-venturosa","status":"publish","type":"post","link":"https:\/\/www.saloanoticias.com\/v1\/acidente-deixa-14-mortos-em-venturosa\/","title":{"rendered":"GRAVE ACIDENTE DEIXA 14 MORTOS EM VENTUROSA NA NOITE DESTA SEGUNDA"},"content":{"rendered":"<p align=\"justify\"><font size=\"3\" face=\"Arial\"><a href=\"http:\/\/www.saloanoticias.com\/images\/acidente_b39fa2ad6101bef404a68b6bafecdcce.jpg\"><img loading=\"lazy\" decoding=\"async\" title=\"Acidente\" style=\"border-top: 0px; border-right: 0px; background-image: none; border-bottom: 0px; float: none; padding-top: 0px; padding-left: 0px; margin: 0px auto 10px; border-left: 0px; display: block; padding-right: 0px\" border=\"0\" alt=\"Acidente\" src=\"http:\/\/www.saloanoticias.com\/v1\/wp-content\/uploads\/imagens\/acidente_thumb_c474e8928d71aec7976412a39c5b2d65.jpg\" width=\"438\" height=\"457\"><\/a>Um grave acidente, que aconteceu \u00e0s 20h da noite de ontem, segunda (24), pr\u00f3ximo ao s\u00edtio Carrapateira, munic\u00edpio de Venturosa, j\u00e1 contabiliza 14 v\u00edtimas fatais. De acordo com as primeiras informa\u00e7\u00f5es, um ve\u00edculo Sprinter, com placa de Isabel (PB), que transportava cerca de 25 trabalhadores rurais do munic\u00edpio de Bet\u00e2nia com destino a Cururipe-AL, capotou no Km 35. Ambul\u00e2ncias de cidades vizinhas estiveram no local para auxiliar as equipes dos Bombeiros e do SAMU.<\/font><\/p>\n<p align=\"justify\"><font size=\"3\" face=\"Arial\">\u201cAssim que soube do acidente pedi ao nosso secret\u00e1rio de transporte, Betinho Mendon\u00e7a, que enviasse as nossas ambul\u00e2ncias ao local para auxiliar no socorro as v\u00edtimas\u201d, informou o secret\u00e1rio de governo da cidade da Pedra, Paulo Jos\u00e9 Vaz.<\/font><\/p>\n<p align=\"justify\"><font size=\"3\" face=\"Arial Black\">Fonte&nbsp; &#8211;&nbsp; Blog do PC Cavalcanti<\/font><\/p>\n<div style=\"margin-top: 0px; margin-bottom: 0px;\" class=\"sharethis-inline-share-buttons\" ><\/div>","protected":false},"excerpt":{"rendered":"<p>Um grave acidente, que aconteceu \u00e0s 20h da noite de ontem, segunda (24), pr\u00f3ximo ao s\u00edtio Carrapateira, munic\u00edpio de Venturosa, j\u00e1 contabiliza 14 v\u00edtimas fatais. De acordo com as primeiras informa\u00e7\u00f5es, um ve\u00edculo Sprinter, com placa de Isabel (PB), que transportava cerca de 25 trabalhadores rurais do munic\u00edpio de Bet\u00e2nia com destino a Cururipe-AL, capotou [&hellip;]<\/p>\n","protected":false},"author":1,"featured_media":0,"comment_status":"open","ping_status":"open","sticky":false,"template":"","format":"standard","meta":{"footnotes":""},"categories":[2],"tags":[],"class_list":["post-683","post","type-post","status-publish","format-standard","hentry","category-noticias-do-dia"],"_links":{"self":[{"href":"https:\/\/www.saloanoticias.com\/v1\/wp-json\/wp\/v2\/posts\/683","targetHints":{"allow":["GET"]}}],"collection":[{"href":"https:\/\/www.saloanoticias.com\/v1\/wp-json\/wp\/v2\/posts"}],"about":[{"href":"https:\/\/www.saloanoticias.com\/v1\/wp-json\/wp\/v2\/types\/post"}],"author":[{"embeddable":true,"href":"https:\/\/www.saloanoticias.com\/v1\/wp-json\/wp\/v2\/users\/1"}],"replies":[{"embeddable":true,"href":"https:\/\/www.saloanoticias.com\/v1\/wp-json\/wp\/v2\/comments?post=683"}],"version-history":[{"count":0,"href":"https:\/\/www.saloanoticias.com\/v1\/wp-json\/wp\/v2\/posts\/683\/revisions"}],"wp:attachment":[{"href":"https:\/\/www.saloanoticias.com\/v1\/wp-json\/wp\/v2\/media?parent=683"}],"wp:term":[{"taxonomy":"category","embeddable":true,"href":"https:\/\/www.saloanoticias.com\/v1\/wp-json\/wp\/v2\/categories?post=683"},{"taxonomy":"post_tag","embeddable":true,"href":"https:\/\/www.saloanoticias.com\/v1\/wp-json\/wp\/v2\/tags?post=683"}],"curies":[{"name":"wp","href":"https:\/\/api.w.org\/{rel}","templated":true}]}}