{"id":682,"date":"2014-02-25T01:30:22","date_gmt":"2014-02-25T01:30:22","guid":{"rendered":"https:\/\/saloanoticias.mrmediaweb.com\/v1\/2014\/02\/25\/armando-critica-eduardo-e-diz-que-ele-nao-pode-nomear-um-governador\/"},"modified":"2014-02-25T01:30:22","modified_gmt":"2014-02-25T01:30:22","slug":"armando-critica-eduardo-e-diz-que-ele-nao-pode-nomear-um-governador","status":"publish","type":"post","link":"https:\/\/www.saloanoticias.com\/v1\/armando-critica-eduardo-e-diz-que-ele-nao-pode-nomear-um-governador\/","title":{"rendered":"ARMANDO CRITICA EDUARDO E DIZ QUE ELE N\u00c3O PODE NOMEAR UM GOVERNADOR"},"content":{"rendered":"<p align=\"justify\"><font face=\"Arial\"><font size=\"3\"><strong><a href=\"http:\/\/www.saloanoticias.com\/images\/armando14.jpg\"><img loading=\"lazy\" decoding=\"async\" title=\"Armando14\" style=\"border-left-width: 0px; border-right-width: 0px; background-image: none; border-bottom-width: 0px; float: left; padding-top: 0px; padding-left: 0px; margin: 5px 5px 0px 0px; display: inline; padding-right: 0px; border-top-width: 0px\" border=\"0\" alt=\"Armando14\" src=\"http:\/\/www.saloanoticias.com\/v1\/wp-content\/uploads\/imagens\/armando14_thumb.jpg\" width=\"320\" align=\"left\" height=\"209\"><\/a><font face=\"Arial Black\">\u201cVoc\u00ea nomeia secret\u00e1rio, mas ningu\u00e9m nomeia governador. Governador quem elege \u00e9 o povo\u201d, afirma Armando Monteiro&nbsp; &#8211;&nbsp; <\/font><\/strong><strong><font face=\"Arial Black\">Recife<\/font> \u2013<\/strong> Pr\u00e9-candidato a governador, o senador Armando Monteiro (PTB) tem certeza de que o fundamental no debate eleitoral no Estado, em 14, \u00e9 discutir os desafios do desenvolvimento de Pernambuco nos pr\u00f3ximos anos. \u201cPrecisamos olhar para o futuro do nosso Estado, ter um debate sobre os problemas, os desafios e as potencialidades\u201d, afirmou Armando, durante entrevista ao programa de Geraldo Freire, na R\u00e1dio Jornal, no Recife, nesta segunda-feira (24).<\/font><\/font><\/p>\n<p align=\"justify\"><font face=\"Arial\"><font size=\"3\">O senador falou tamb\u00e9m sobre a forma\u00e7\u00e3o do palanque de apoio \u00e0 reelei\u00e7\u00e3o da presidente Dilma Rousseff em Pernambuco, sobre o processo de escolha do candidato advers\u00e1rio e o prec\u00e1rio debate entre a necessidade de um perfil t\u00e9cnico ou pol\u00edtico. <\/font><\/font><font face=\"Arial\"><font size=\"3\">\u201cO fundamental nesse processo \u00e9 que se possa aliar experi\u00eancia, capacidade de articula\u00e7\u00e3o e um sentido de dire\u00e7\u00e3o. Outra quest\u00e3o tamb\u00e9m muito importante \u00e9 a capacidade de caminhar com as pr\u00f3prias pernas, ter um sentido de independ\u00eancia, que \u00e9 t\u00e3o importante e algo t\u00e3o caro a Pernambuco\u201d, acrescentou. Veja abaixo os principais trechos da entrevista: <\/font><\/font><\/p>\n<p align=\"justify\"><font face=\"Arial\"><font size=\"3\"><strong>A constru\u00e7\u00e3o da alian\u00e7a ao governo&nbsp; &#8211;&nbsp; <\/strong><strong>Armando Monteiro \u2013 <\/strong>\u201cEu estou construindo no nosso campo aquelas alian\u00e7as, evidentemente que o parceiro preferencial \u00e9 o PT, e isso caminha muito bem pelo calend\u00e1rio que foi estabelecido aqui pela dire\u00e7\u00e3o nacional e regional do PTB. Portanto, n\u00f3s aguardamos com muita tranquilidade que esse processo se conclua agora em mar\u00e7o, e tenho recebido manifesta\u00e7\u00f5es j\u00e1 muito positivas de lideran\u00e7as do partido em Pernambuco. Tenho mantido contato tamb\u00e9m com outras legendas, com outros partidos, para que a gente possa concluir esses entendimentos e oferecer um expressivo leque de alian\u00e7as para fortalecer esse projeto\u201d.<\/font><\/font><\/p>\n<p align=\"justify\"><font face=\"Arial\"><font size=\"3\"><strong>Um palanque forte para a reelei\u00e7\u00e3o da presidente Dilma&nbsp; &#8211;&nbsp; <\/strong><strong>Armando Monteiro \u2013 \u201c<\/strong>Tenho a impress\u00e3o que n\u00f3s vamos ter a\u00ed surpresas nesse processo. Quero lembrar que as conven\u00e7\u00f5es s\u00f3 ocorrem em junho, ou seja, as alian\u00e7as s\u00f3 s\u00e3o formalizadas em junho. Portanto, h\u00e1 muito ainda o que acontecer pela frente. Portanto, continuamos ainda muito tranquilos dentro desse calend\u00e1rio que foi estabelecido, conversando com todas as legendas, preferencialmente as legendas do nosso campo. Quando eu digo as do nosso campo s\u00e3o aquelas que est\u00e3o alinhadas ao campo nacional com a candidatura da presidente Dilma. Portanto, vamos a\u00ed concluir esse processo, de modo a que tenhamos um amplo leque de alian\u00e7as e uma chapa forte porque o nosso compromisso aqui, fundamentalmente, \u00e9 fazer esse palanque da reelei\u00e7\u00e3o da presidente Dilma\u201d. <\/font><\/font><\/p>\n<p align=\"justify\"><font face=\"Arial\"><font size=\"3\"><strong>Experi\u00eancia pol\u00edtica x perfil t\u00e9cnico&nbsp; &#8211;&nbsp; <\/strong><strong>Armando Monteiro \u2013 \u201c<\/strong>Eu acho esse debate prec\u00e1rio. Acho que voc\u00ea tem a\u00ed um debate sobre Pernambuco, sobre os problemas, os desafios, as potencialidades, olhando para o futuro de Pernambuco. Evidentemente que aquele candidato que tem experi\u00eancia politica, que j\u00e1 tem uma vis\u00e3o do processo politico e que ao mesmo tempo valoriza o processo t\u00e9cnico, porque hoje as escolhas, as decis\u00f5es pol\u00edticas t\u00eam que ser informadas tecnicamente, portanto, o fundamental nesse processo \u00e9 que se possa aliar experi\u00eancia, capacidade de articula\u00e7\u00e3o e um sentido de dire\u00e7\u00e3o. Porque o pol\u00edtico \u00e9 aquele que sabe, em determinadas circunst\u00e2ncias, definir prioridades e aliar a essa experi\u00eancia sensibilidade. E acho ainda que h\u00e1 uma quest\u00e3o tamb\u00e9m muito importante, que \u00e9 a capacidade de caminhar com as pr\u00f3prias pernas, ter um sentido de independ\u00eancia que \u00e9 t\u00e3o importante e algo t\u00e3o caro a Pernambuco\u201d.<\/font><\/font><\/p>\n<p align=\"justify\"><font face=\"Arial\"><font size=\"3\"><strong>O sr. diz ent\u00e3o que o outro candidato \u00e9 um poste ?&nbsp; &#8211;&nbsp; <\/strong><strong>Armando Monteiro \u2013 \u201c<\/strong>N\u00e3o, eu n\u00e3o digo isso. Eu tenho respeito pelas pessoas e esse processo que culminou com a indica\u00e7\u00e3o \u00e9 um processo que foi acompanhado por voc\u00eas, que, em \u00faltima inst\u00e2ncia, indicou que n\u00e3o havia uma candidatura natural nesse campo. Tanto que se assistiu a um processo curioso em que havia exposi\u00e7\u00e3o de nomes, frituras, vetos. Mas isso n\u00e3o importa! O que importa \u00e9 que ao final essa escolha foi definida e, a partir de agora, definidas as pr\u00e9-candidaturas e confirmadas nas conven\u00e7\u00f5es, esse crivo muda. N\u00e3o \u00e9 mais um grupo fechado, n\u00e3o \u00e9 mais um processo que se d\u00e1 dentro de um grupo. A\u00ed, sim, n\u00f3s temos que ter um crivo da opini\u00e3o p\u00fablica, porque \u00e9 ela que vai efetivamente fazer um julgamento da habilita\u00e7\u00e3o do candidato. Portanto, a\u00ed, esse outro campo, \u00e9 um campo essencialmente democr\u00e1tico. E a\u00ed s\u00f3 o debate, o contradit\u00f3rio, a discuss\u00e3o das quest\u00f5es de Pernambuco \u00e9 que ao final v\u00e3o orientar esse processo. Eu quero dizer \u00e9 que voc\u00ea nomeia secret\u00e1rio, mas ningu\u00e9m nomeia governador. Governador quem elege \u00e9 o povo\u201d.<\/font><\/font><\/p>\n<p align=\"justify\"><font face=\"Arial\"><font size=\"3\"><strong>Sobre a pol\u00edtica econ\u00f4mica&nbsp; &#8211;&nbsp; <\/strong><strong>Armando Monteiro \u2013 <\/strong>\u201cO importante \u00e9 que a presidente Dilma tem dado sinais da disposi\u00e7\u00e3o de conter as press\u00f5es inflacion\u00e1rias. Tem fatores clim\u00e1ticos, tem fatores sazonais, mas o fato \u00e9 o seguinte: ela n\u00e3o tem medido esfor\u00e7os para combater. Veja que a taxa de juros vem sendo elevada praticamente h\u00e1 seis meses, exatamente para conter as press\u00f5es inflacion\u00e1rias. Mesmo n\u00e3o sendo simp\u00e1tico aumentar os juros, ela tem feito isso, \u00e9 um rem\u00e9dio duro, mas que precisa ser utilizado. Porque o pior dos cen\u00e1rios \u00e9 o que voc\u00ea indicou, \u00e9 o povo sentir que vai perdendo o poder de compra porque os bens ficam mais caros e evidentemente a renda real do trabalhador diminui. Por outro lado, o governo anunciou agora um programa de redu\u00e7\u00e3o de gastos, de despesas, corte no or\u00e7amento.<\/font><\/font><\/p>\n<p align=\"justify\"><font face=\"Arial\"><font size=\"3\">Ent\u00e3o, acho que o efeito combinado desses cortes, da pol\u00edtica fiscal, com esse aperto que foi dado na pol\u00edtica monet\u00e1ria, tudo isso vai garantir que tenhamos um quadro de infla\u00e7\u00e3o absolutamente controlado. E que a infla\u00e7\u00e3o possa ceder mais e mais. Portanto, esse \u00e9 o compromisso fundamental da presidente Dilma. Porque, ao longo de todo governo dela, os trabalhadores tiveram ganhos reais, ou seja, os ganhos ficaram acima da infla\u00e7\u00e3o. Portanto, ela n\u00e3o ir\u00e1 permitir que a infla\u00e7\u00e3o termine por confiscar ou diminuir a renda do trabalhador. Esse \u00e9 um compromisso fundamental\u201d. <\/font><\/font><\/p>\n<p align=\"justify\"><font size=\"3\"><font face=\"Arial Black\"><strong>Cr\u00e9dito da foto: <\/strong>Alexandre Albuquerque\/divulga\u00e7\u00e3o<\/font><\/font><\/p>\n<div style=\"margin-top: 0px; margin-bottom: 0px;\" class=\"sharethis-inline-share-buttons\" ><\/div>","protected":false},"excerpt":{"rendered":"<p>\u201cVoc\u00ea nomeia secret\u00e1rio, mas ningu\u00e9m nomeia governador. Governador quem elege \u00e9 o povo\u201d, afirma Armando Monteiro&nbsp; &#8211;&nbsp; Recife \u2013 Pr\u00e9-candidato a governador, o senador Armando Monteiro (PTB) tem certeza de que o fundamental no debate eleitoral no Estado, em 14, \u00e9 discutir os desafios do desenvolvimento de Pernambuco nos pr\u00f3ximos anos. \u201cPrecisamos olhar para o [&hellip;]<\/p>\n","protected":false},"author":1,"featured_media":0,"comment_status":"open","ping_status":"open","sticky":false,"template":"","format":"standard","meta":{"footnotes":""},"categories":[2],"tags":[],"class_list":["post-682","post","type-post","status-publish","format-standard","hentry","category-noticias-do-dia"],"_links":{"self":[{"href":"https:\/\/www.saloanoticias.com\/v1\/wp-json\/wp\/v2\/posts\/682","targetHints":{"allow":["GET"]}}],"collection":[{"href":"https:\/\/www.saloanoticias.com\/v1\/wp-json\/wp\/v2\/posts"}],"about":[{"href":"https:\/\/www.saloanoticias.com\/v1\/wp-json\/wp\/v2\/types\/post"}],"author":[{"embeddable":true,"href":"https:\/\/www.saloanoticias.com\/v1\/wp-json\/wp\/v2\/users\/1"}],"replies":[{"embeddable":true,"href":"https:\/\/www.saloanoticias.com\/v1\/wp-json\/wp\/v2\/comments?post=682"}],"version-history":[{"count":0,"href":"https:\/\/www.saloanoticias.com\/v1\/wp-json\/wp\/v2\/posts\/682\/revisions"}],"wp:attachment":[{"href":"https:\/\/www.saloanoticias.com\/v1\/wp-json\/wp\/v2\/media?parent=682"}],"wp:term":[{"taxonomy":"category","embeddable":true,"href":"https:\/\/www.saloanoticias.com\/v1\/wp-json\/wp\/v2\/categories?post=682"},{"taxonomy":"post_tag","embeddable":true,"href":"https:\/\/www.saloanoticias.com\/v1\/wp-json\/wp\/v2\/tags?post=682"}],"curies":[{"name":"wp","href":"https:\/\/api.w.org\/{rel}","templated":true}]}}