{"id":681,"date":"2014-02-24T03:54:14","date_gmt":"2014-02-24T03:54:14","guid":{"rendered":"https:\/\/saloanoticias.mrmediaweb.com\/v1\/2014\/02\/24\/prefeitura-de-saloa-efetiva-17-agentes-comunitarios-de-saude\/"},"modified":"2014-02-24T03:54:14","modified_gmt":"2014-02-24T03:54:14","slug":"prefeitura-de-saloa-efetiva-17-agentes-comunitarios-de-saude","status":"publish","type":"post","link":"https:\/\/www.saloanoticias.com\/v1\/prefeitura-de-saloa-efetiva-17-agentes-comunitarios-de-saude\/","title":{"rendered":"PREFEITURA DE SALO\u00c1 EFETIVA 17 AGENTES COMUNIT\u00c1RIOS DE SA\u00daDE"},"content":{"rendered":"<p align=\"justify\"><font size=\"3\" face=\"Arial\"><a href=\"http:\/\/www.saloanoticias.com\/images\/efetivao2_83f1e46cf4efc2499fa7761b6cb2264e.jpg\"><img loading=\"lazy\" decoding=\"async\" title=\"Efetiva&ccedil;&atilde;o2\" style=\"border-top: 0px; border-right: 0px; background-image: none; border-bottom: 0px; float: none; padding-top: 0px; padding-left: 0px; margin: 0px auto 10px; border-left: 0px; display: block; padding-right: 0px\" border=\"0\" alt=\"Efetiva&ccedil;&atilde;o2\" src=\"http:\/\/www.saloanoticias.com\/v1\/wp-content\/uploads\/imagens\/efetivao2_thumb_fda0b8ca7d8f8488c59667beb64f6068.jpg\" width=\"622\" height=\"412\"><\/a>O prefeito Ricardo Alves (PMDB) de Salo\u00e1 efetivou na ultima sexta feira (21) dezesseis Agentes Comunit\u00e1rios de Sa\u00fade (ACS) e 01 Agente Comunit\u00e1rio de Endemia (ACE). O ato solene aconteceu no Audit\u00f3rio do Col\u00e9gio S\u00e3o Vicente e contou com a participa\u00e7\u00e3o de secret\u00e1rios, vereadores e comerciantes da cidade. <\/font><font size=\"3\" face=\"Arial\">Foi uma tarde de muita festa e emo\u00e7\u00e3o, pois os ACSs j\u00e1 aguardavam a efetiva\u00e7\u00e3o desde 2006, mas os gestores anteriores n\u00e3o se sensibilizaram pela causa.<\/font> <\/p>\n<p align=\"justify\"><a href=\"http:\/\/www.saloanoticias.com\/images\/efetivao_9ab7773e8082a0cf601765f2f0a8e4a9.jpg\"><img loading=\"lazy\" decoding=\"async\" title=\"Efetiva&ccedil;&atilde;o\" style=\"border-top: 0px; border-right: 0px; background-image: none; border-bottom: 0px; float: none; padding-top: 0px; padding-left: 0px; margin: 10px auto; border-left: 0px; display: block; padding-right: 0px\" border=\"0\" alt=\"Efetiva&ccedil;&atilde;o\" src=\"http:\/\/www.saloanoticias.com\/v1\/wp-content\/uploads\/imagens\/efetivao_thumb_9709f1d784e52260462ba0f00486193d.jpg\" width=\"620\" height=\"388\"><\/a> <\/p>\n<p align=\"justify\"><font size=\"3\" face=\"Arial\">Segundo a secret\u00e1ria de sa\u00fade, Joana D\u2019\u00e1rc Ferreira, a efetiva\u00e7\u00e3o garante estabilidade aos ACSs, mas tamb\u00e9m aumenta a carga hor\u00e1ria, que era de 6 para 8 horas di\u00e1rias, atendendo a pol\u00edtica nacional de aten\u00e7\u00e3o b\u00e1sica, que estipula 40 horas semanais. \u201cAgora esses Agentes que tinham um v\u00ednculo prec\u00e1rio, t\u00eam a garantia de estabilidade. Com a efetiva\u00e7\u00e3o, nenhum gestor poder\u00e1 demiti-los sem justa causa\u201d, disse Joana. <\/font><font size=\"3\" face=\"Arial\">O prefeito Ricardo Alves, agradeceu na ocasi\u00e3o, o apoio dos vereadores da base do Governo, e o senhor Jos\u00e9 do Leite, um grande amigo e que muito contribuiu para as transforma\u00e7\u00f5es que o munic\u00edpio vive.<\/font> <\/p>\n<p align=\"justify\"><a href=\"http:\/\/www.saloanoticias.com\/images\/desfiledsc_4253.jpg\"><img loading=\"lazy\" decoding=\"async\" title=\"desfileDSC_4253\" style=\"border-top: 0px; border-right: 0px; background-image: none; border-bottom: 0px; float: none; padding-top: 0px; padding-left: 0px; margin: 10px auto; border-left: 0px; display: block; padding-right: 0px\" border=\"0\" alt=\"desfileDSC_4253\" src=\"http:\/\/www.saloanoticias.com\/v1\/wp-content\/uploads\/imagens\/desfiledsc_4253_thumb.jpg\" width=\"617\" height=\"409\"><\/a> <\/p>\n<p align=\"justify\"><a href=\"http:\/\/www.saloanoticias.com\/images\/desfiledsc_4331.jpg\"><img loading=\"lazy\" decoding=\"async\" title=\"desfileDSC_4331\" style=\"border-top: 0px; border-right: 0px; background-image: none; border-bottom: 0px; float: none; padding-top: 0px; padding-left: 0px; margin: 10px auto; border-left: 0px; display: block; padding-right: 0px\" border=\"0\" alt=\"desfileDSC_4331\" src=\"http:\/\/www.saloanoticias.com\/v1\/wp-content\/uploads\/imagens\/desfiledsc_4331_thumb.jpg\" width=\"617\" height=\"409\"><\/a> <\/p>\n<p align=\"justify\"><font size=\"3\" face=\"Arial\">\u201cTenham certeza de que esta caneta que irei usar para assinar este decreto, parte desta tinta, quem est\u00e1 assinando por mim \u00e9 Z\u00e9 do Leite. Pois sem o apoio dele, dos vereadores aliados e do povo, eu n\u00e3o estaria aqui agora\u201d. Disse Ricardo. <\/font><font size=\"3\" face=\"Arial\">Salo\u00e1 tem 38 Agentes Comunit\u00e1rios de Sa\u00fade, mas apenas foi poss\u00edvel efetivar 16 que estavam acobertados pela Lei. Dos 22 restantes, outros 5 tamb\u00e9m poder\u00e3o ser contemplados com a efetiva\u00e7\u00e3o, mas precisam reunir documentos que comprovem que j\u00e1 trabalhavam como ACSs antes de 2006. Os outros ter\u00e3o que se submeter ao concurso p\u00fablico que ser\u00e1 realizado ainda neste trimestre.<\/font> <\/p>\n<p align=\"justify\"><a href=\"http:\/\/www.saloanoticias.com\/images\/desfiledsc_4264.jpg\"><img loading=\"lazy\" decoding=\"async\" title=\"desfileDSC_4264\" style=\"border-top: 0px; border-right: 0px; background-image: none; border-bottom: 0px; float: none; padding-top: 0px; padding-left: 0px; margin: 10px auto; border-left: 0px; display: block; padding-right: 0px\" border=\"0\" alt=\"desfileDSC_4264\" src=\"http:\/\/www.saloanoticias.com\/v1\/wp-content\/uploads\/imagens\/desfiledsc_4264_thumb.jpg\" width=\"617\" height=\"409\"><\/a>    <\/p>\n<p><a href=\"http:\/\/www.saloanoticias.com\/images\/desfiledsc_4335.jpg\"><img loading=\"lazy\" decoding=\"async\" title=\"desfileDSC_4335\" style=\"border-top: 0px; border-right: 0px; background-image: none; border-bottom: 0px; float: none; padding-top: 0px; padding-left: 0px; margin: 10px auto; border-left: 0px; display: block; padding-right: 0px\" border=\"0\" alt=\"desfileDSC_4335\" src=\"http:\/\/www.saloanoticias.com\/v1\/wp-content\/uploads\/imagens\/desfiledsc_4335_thumb.jpg\" width=\"617\" height=\"409\"><\/a><\/p>\n<p><a href=\"http:\/\/www.saloanoticias.com\/images\/desfiledsc_4328.jpg\"><img loading=\"lazy\" decoding=\"async\" title=\"desfileDSC_4328\" style=\"border-top: 0px; border-right: 0px; background-image: none; border-bottom: 0px; float: none; padding-top: 0px; padding-left: 0px; margin: 10px auto; border-left: 0px; display: block; padding-right: 0px\" border=\"0\" alt=\"desfileDSC_4328\" src=\"http:\/\/www.saloanoticias.com\/v1\/wp-content\/uploads\/imagens\/desfiledsc_4328_thumb.jpg\" width=\"617\" height=\"408\"><\/a><\/p>\n<p><a href=\"http:\/\/www.saloanoticias.com\/images\/desfiledsc_4340.jpg\"><img loading=\"lazy\" decoding=\"async\" title=\"desfileDSC_4340\" style=\"border-top: 0px; border-right: 0px; background-image: none; border-bottom: 0px; float: none; padding-top: 0px; padding-left: 0px; margin: 10px auto; border-left: 0px; display: block; padding-right: 0px\" border=\"0\" alt=\"desfileDSC_4340\" src=\"http:\/\/www.saloanoticias.com\/v1\/wp-content\/uploads\/imagens\/desfiledsc_4340_thumb.jpg\" width=\"616\" height=\"408\"><\/a><\/p>\n<p><a href=\"http:\/\/www.saloanoticias.com\/images\/desfiledsc_4338.jpg\"><img loading=\"lazy\" decoding=\"async\" title=\"desfileDSC_4338\" style=\"border-top: 0px; border-right: 0px; background-image: none; border-bottom: 0px; float: none; padding-top: 0px; padding-left: 0px; margin: 10px auto; border-left: 0px; display: block; padding-right: 0px\" border=\"0\" alt=\"desfileDSC_4338\" src=\"http:\/\/www.saloanoticias.com\/v1\/wp-content\/uploads\/imagens\/desfiledsc_4338_thumb.jpg\" width=\"613\" height=\"406\"><\/a><\/p>\n<p><a href=\"http:\/\/www.saloanoticias.com\/images\/desfiledsc_4352_0ddbb278ab206518b3164e22c00f21ee.jpg\"><img loading=\"lazy\" decoding=\"async\" title=\"desfileDSC_4352\" style=\"border-top: 0px; border-right: 0px; background-image: none; border-bottom: 0px; float: none; padding-top: 0px; padding-left: 0px; margin: 10px auto; border-left: 0px; display: block; padding-right: 0px\" border=\"0\" alt=\"desfileDSC_4352\" src=\"http:\/\/www.saloanoticias.com\/v1\/wp-content\/uploads\/imagens\/desfiledsc_4352_thumb_d69950912b3bc678debc3166abe2687d.jpg\" width=\"613\" height=\"407\"><\/a><\/p>\n<p><font size=\"3\" face=\"Arial Black\">Fotos&nbsp; &#8211;&nbsp; Jos\u00e9 Cordeiro<\/font><\/p>\n<div style=\"margin-top: 0px; margin-bottom: 0px;\" class=\"sharethis-inline-share-buttons\" ><\/div>","protected":false},"excerpt":{"rendered":"<p>O prefeito Ricardo Alves (PMDB) de Salo\u00e1 efetivou na ultima sexta feira (21) dezesseis Agentes Comunit\u00e1rios de Sa\u00fade (ACS) e 01 Agente Comunit\u00e1rio de Endemia (ACE). O ato solene aconteceu no Audit\u00f3rio do Col\u00e9gio S\u00e3o Vicente e contou com a participa\u00e7\u00e3o de secret\u00e1rios, vereadores e comerciantes da cidade. Foi uma tarde de muita festa e [&hellip;]<\/p>\n","protected":false},"author":1,"featured_media":0,"comment_status":"open","ping_status":"open","sticky":false,"template":"","format":"standard","meta":{"footnotes":""},"categories":[2],"tags":[],"class_list":["post-681","post","type-post","status-publish","format-standard","hentry","category-noticias-do-dia"],"_links":{"self":[{"href":"https:\/\/www.saloanoticias.com\/v1\/wp-json\/wp\/v2\/posts\/681","targetHints":{"allow":["GET"]}}],"collection":[{"href":"https:\/\/www.saloanoticias.com\/v1\/wp-json\/wp\/v2\/posts"}],"about":[{"href":"https:\/\/www.saloanoticias.com\/v1\/wp-json\/wp\/v2\/types\/post"}],"author":[{"embeddable":true,"href":"https:\/\/www.saloanoticias.com\/v1\/wp-json\/wp\/v2\/users\/1"}],"replies":[{"embeddable":true,"href":"https:\/\/www.saloanoticias.com\/v1\/wp-json\/wp\/v2\/comments?post=681"}],"version-history":[{"count":0,"href":"https:\/\/www.saloanoticias.com\/v1\/wp-json\/wp\/v2\/posts\/681\/revisions"}],"wp:attachment":[{"href":"https:\/\/www.saloanoticias.com\/v1\/wp-json\/wp\/v2\/media?parent=681"}],"wp:term":[{"taxonomy":"category","embeddable":true,"href":"https:\/\/www.saloanoticias.com\/v1\/wp-json\/wp\/v2\/categories?post=681"},{"taxonomy":"post_tag","embeddable":true,"href":"https:\/\/www.saloanoticias.com\/v1\/wp-json\/wp\/v2\/tags?post=681"}],"curies":[{"name":"wp","href":"https:\/\/api.w.org\/{rel}","templated":true}]}}