{"id":680,"date":"2014-02-24T01:08:44","date_gmt":"2014-02-24T01:08:44","guid":{"rendered":"https:\/\/saloanoticias.mrmediaweb.com\/v1\/2014\/02\/24\/armando-pede-agilidade-ao-dnit-para-obras-em-pernambuco\/"},"modified":"2014-02-24T01:08:44","modified_gmt":"2014-02-24T01:08:44","slug":"armando-pede-agilidade-ao-dnit-para-obras-em-pernambuco","status":"publish","type":"post","link":"https:\/\/www.saloanoticias.com\/v1\/armando-pede-agilidade-ao-dnit-para-obras-em-pernambuco\/","title":{"rendered":"ARMANDO PEDE AGILIDADE AO DNIT PARA OBRAS EM PERNAMBUCO"},"content":{"rendered":"<p align=\"justify\"><font face=\"Arial\"><font size=\"3\"><strong><a href=\"http:\/\/www.saloanoticias.com\/images\/armando_monteiro_e_jorge_fraxe.jpg\"><img loading=\"lazy\" decoding=\"async\" title=\"Armando_Monteiro_e_Jorge_Fraxe\" style=\"border-top: 0px; border-right: 0px; background-image: none; border-bottom: 0px; float: none; padding-top: 0px; padding-left: 0px; margin: 0px auto 10px; border-left: 0px; display: block; padding-right: 0px\" border=\"0\" alt=\"Armando_Monteiro_e_Jorge_Fraxe\" src=\"http:\/\/www.saloanoticias.com\/v1\/wp-content\/uploads\/imagens\/armando_monteiro_e_jorge_fraxe_thumb.jpg\" width=\"584\" height=\"392\"><\/a>Bras\u00edlia &#8211;<\/strong> O senador Armando Monteiro esteve nesta ter\u00e7a-feira (18), em audi\u00eancia com o Diretor Geral do DNIT (Departamento Nacional de Infraestrutura de Transportes), General Jorge Fraxe, para definir os prazos de realiza\u00e7\u00e3o de tr\u00eas projetos j\u00e1 apresentados no final do ano passado ao Ministro dos Transportes, C\u00e9sar Borges. O primeiro foi o in\u00edcio das obras de revestimento prim\u00e1rio do trecho de 72 quil\u00f4metros da BR-110, que liga Petrol\u00e2ndia a Ibimirim, no Sert\u00e3o, a chamada \u201cReta do Ibimirim\u201d.<\/font><\/font><\/p>\n<p align=\"justify\"><font face=\"Arial\"><font size=\"3\">Fraxe assumiu o compromisso de que a manuten\u00e7\u00e3o da estrada, com a melhoria da qualidade de trafegabilidade, ser\u00e1 feita de imediato at\u00e9 que seja finalizado o Estudo de Viabilidade T\u00e9cnica, Econ\u00f4mica e Ambiental (EVTA), necess\u00e1rio ao projeto de pavimenta\u00e7\u00e3o da rodovia. A segunda reivindica\u00e7\u00e3o apresentada por Armando foi a defini\u00e7\u00e3o dos prazos de licita\u00e7\u00e3o da duplica\u00e7\u00e3o da BR-423, no trecho de 80 quil\u00f4metros entre ao munic\u00edpios de S\u00e3o Caetano e Garanhuns, no Agreste do Estado.<\/font><\/font><\/p>\n<p align=\"justify\"><font face=\"Arial\"><font size=\"3\">O Diretor do DNIT garantiu que o edital de licita\u00e7\u00e3o ser\u00e1 publicado em 30 de abril pr\u00f3ximo, com o in\u00edcio das obras previsto para o final de julho. Atendendo \u00e0 solicita\u00e7\u00e3o do Prefeito de Goiana, Fred Gadelha (PTB), Armando Monteiro tamb\u00e9m discutiu o projeto de acesso ao munic\u00edpio da Mata Norte, j\u00e1 incluso no lote 6 de obras remanescentes da duplica\u00e7\u00e3o da BR-101. O General Fraxe determinou a agiliza\u00e7\u00e3o da licita\u00e7\u00e3o da obra ao Diretor de Infraestrutura do DNIT, Roger P\u00eagas, presente \u00e0 reuni\u00e3o.<\/font><\/font><\/p>\n<p align=\"justify\"><font size=\"3\" face=\"Arial Black\"><strong>(Cr\u00e9dito da foto: Ana Luiza Sousa\/divulga\u00e7\u00e3o)<\/strong><\/font><\/p>\n<div style=\"margin-top: 0px; margin-bottom: 0px;\" class=\"sharethis-inline-share-buttons\" ><\/div>","protected":false},"excerpt":{"rendered":"<p>Bras\u00edlia &#8211; O senador Armando Monteiro esteve nesta ter\u00e7a-feira (18), em audi\u00eancia com o Diretor Geral do DNIT (Departamento Nacional de Infraestrutura de Transportes), General Jorge Fraxe, para definir os prazos de realiza\u00e7\u00e3o de tr\u00eas projetos j\u00e1 apresentados no final do ano passado ao Ministro dos Transportes, C\u00e9sar Borges. O primeiro foi o in\u00edcio das [&hellip;]<\/p>\n","protected":false},"author":1,"featured_media":0,"comment_status":"open","ping_status":"open","sticky":false,"template":"","format":"standard","meta":{"footnotes":""},"categories":[2],"tags":[],"class_list":["post-680","post","type-post","status-publish","format-standard","hentry","category-noticias-do-dia"],"_links":{"self":[{"href":"https:\/\/www.saloanoticias.com\/v1\/wp-json\/wp\/v2\/posts\/680","targetHints":{"allow":["GET"]}}],"collection":[{"href":"https:\/\/www.saloanoticias.com\/v1\/wp-json\/wp\/v2\/posts"}],"about":[{"href":"https:\/\/www.saloanoticias.com\/v1\/wp-json\/wp\/v2\/types\/post"}],"author":[{"embeddable":true,"href":"https:\/\/www.saloanoticias.com\/v1\/wp-json\/wp\/v2\/users\/1"}],"replies":[{"embeddable":true,"href":"https:\/\/www.saloanoticias.com\/v1\/wp-json\/wp\/v2\/comments?post=680"}],"version-history":[{"count":0,"href":"https:\/\/www.saloanoticias.com\/v1\/wp-json\/wp\/v2\/posts\/680\/revisions"}],"wp:attachment":[{"href":"https:\/\/www.saloanoticias.com\/v1\/wp-json\/wp\/v2\/media?parent=680"}],"wp:term":[{"taxonomy":"category","embeddable":true,"href":"https:\/\/www.saloanoticias.com\/v1\/wp-json\/wp\/v2\/categories?post=680"},{"taxonomy":"post_tag","embeddable":true,"href":"https:\/\/www.saloanoticias.com\/v1\/wp-json\/wp\/v2\/tags?post=680"}],"curies":[{"name":"wp","href":"https:\/\/api.w.org\/{rel}","templated":true}]}}