{"id":678,"date":"2014-02-22T12:00:00","date_gmt":"2014-02-22T12:00:00","guid":{"rendered":"https:\/\/saloanoticias.mrmediaweb.com\/v1\/2014\/02\/22\/bandidos-roubam-carga-de-biscoite-em-saloa-pe\/"},"modified":"2014-02-22T12:00:00","modified_gmt":"2014-02-22T12:00:00","slug":"bandidos-roubam-carga-de-biscoite-em-saloa-pe","status":"publish","type":"post","link":"https:\/\/www.saloanoticias.com\/v1\/bandidos-roubam-carga-de-biscoite-em-saloa-pe\/","title":{"rendered":"BANDIDOS ROUBAM CARGA DE BISCOITE EM SALO\u00c1\/PE"},"content":{"rendered":"<p align=\"justify\"><font size=\"3\" face=\"Arial\"><a href=\"http:\/\/www.saloanoticias.com\/images\/assalto_f0a4ab74a1389523bbf694226f3c2526.jpg\"><img loading=\"lazy\" decoding=\"async\" title=\"assalto\" style=\"border-left-width: 0px; border-right-width: 0px; background-image: none; border-bottom-width: 0px; float: left; padding-top: 0px; padding-left: 0px; margin: 5px 5px 0px 0px; display: inline; padding-right: 0px; border-top-width: 0px\" border=\"0\" alt=\"assalto\" src=\"http:\/\/www.saloanoticias.com\/v1\/wp-content\/uploads\/imagens\/assalto_thumb_b62deb8a56740e1b35306519b9c9c6e7.jpg\" width=\"287\" align=\"left\" height=\"203\"><\/a>Na manh\u00e3 de sexta-feira (21), um caminh\u00e3o Mercedes Benz de cor branca e placa LVM-2973 foi tomado de assalto no S\u00edtio Meladinho, zona rural de Salo\u00e1. De acordo com a pol\u00edcia, o efetivo foi acionado por volta das 21h30, por uma das v\u00edtimas, a qual informou que trafegava com o ve\u00edculo citado, quando eles (motorista e ajudante) foram abordados por quatro elementos armados rev\u00f3lver que anunciaram o assalto. Os assaltantes levaram o caminh\u00e3o que estava carregado de biscoito. As duas v\u00edtimas foram levadas para um matagal e s\u00f3 conseguiram sai por volta das 21h30, momento em que foi mantido contado com a pol\u00edcia. <\/font><font size=\"3\" face=\"Arial\">A PM conduziu as v\u00edtimas para a 18\u00aa DESEC em Garanhuns, onde foi registrada a queixa de roubo.<\/font><\/p>\n<p align=\"justify\"><font size=\"2\" face=\"Arial Black\">Fonte&nbsp; &#8211;&nbsp; Blog Agreste Violento<\/font><\/p>\n<div style=\"margin-top: 0px; margin-bottom: 0px;\" class=\"sharethis-inline-share-buttons\" ><\/div>","protected":false},"excerpt":{"rendered":"<p>Na manh\u00e3 de sexta-feira (21), um caminh\u00e3o Mercedes Benz de cor branca e placa LVM-2973 foi tomado de assalto no S\u00edtio Meladinho, zona rural de Salo\u00e1. De acordo com a pol\u00edcia, o efetivo foi acionado por volta das 21h30, por uma das v\u00edtimas, a qual informou que trafegava com o ve\u00edculo citado, quando eles (motorista [&hellip;]<\/p>\n","protected":false},"author":1,"featured_media":0,"comment_status":"open","ping_status":"open","sticky":false,"template":"","format":"standard","meta":{"footnotes":""},"categories":[2],"tags":[],"class_list":["post-678","post","type-post","status-publish","format-standard","hentry","category-noticias-do-dia"],"_links":{"self":[{"href":"https:\/\/www.saloanoticias.com\/v1\/wp-json\/wp\/v2\/posts\/678","targetHints":{"allow":["GET"]}}],"collection":[{"href":"https:\/\/www.saloanoticias.com\/v1\/wp-json\/wp\/v2\/posts"}],"about":[{"href":"https:\/\/www.saloanoticias.com\/v1\/wp-json\/wp\/v2\/types\/post"}],"author":[{"embeddable":true,"href":"https:\/\/www.saloanoticias.com\/v1\/wp-json\/wp\/v2\/users\/1"}],"replies":[{"embeddable":true,"href":"https:\/\/www.saloanoticias.com\/v1\/wp-json\/wp\/v2\/comments?post=678"}],"version-history":[{"count":0,"href":"https:\/\/www.saloanoticias.com\/v1\/wp-json\/wp\/v2\/posts\/678\/revisions"}],"wp:attachment":[{"href":"https:\/\/www.saloanoticias.com\/v1\/wp-json\/wp\/v2\/media?parent=678"}],"wp:term":[{"taxonomy":"category","embeddable":true,"href":"https:\/\/www.saloanoticias.com\/v1\/wp-json\/wp\/v2\/categories?post=678"},{"taxonomy":"post_tag","embeddable":true,"href":"https:\/\/www.saloanoticias.com\/v1\/wp-json\/wp\/v2\/tags?post=678"}],"curies":[{"name":"wp","href":"https:\/\/api.w.org\/{rel}","templated":true}]}}