{"id":677,"date":"2014-02-22T16:00:00","date_gmt":"2014-02-22T16:00:00","guid":{"rendered":"https:\/\/saloanoticias.mrmediaweb.com\/v1\/2014\/02\/22\/audiencia-publica-discute-venda-de-bebida-alcoolica-em-saloa\/"},"modified":"2014-02-22T16:00:00","modified_gmt":"2014-02-22T16:00:00","slug":"audiencia-publica-discute-venda-de-bebida-alcoolica-em-saloa","status":"publish","type":"post","link":"https:\/\/www.saloanoticias.com\/v1\/audiencia-publica-discute-venda-de-bebida-alcoolica-em-saloa\/","title":{"rendered":"AUDI\u00caNCIA P\u00daBLICA DISCUTIU VENDA DE BEBIDA ALC\u00d3OLICA EM SALO\u00c1"},"content":{"rendered":"<p align=\"justify\"><font size=\"3\" face=\"Arial\"><a href=\"http:\/\/www.saloanoticias.com\/images\/alexandre-bezerra25.jpg\"><img loading=\"lazy\" decoding=\"async\" title=\"Alexandre Bezerra2\" style=\"border-top: 0px; border-right: 0px; background-image: none; border-bottom: 0px; float: none; padding-top: 0px; padding-left: 0px; margin: 0px auto 10px; border-left: 0px; display: block; padding-right: 0px\" border=\"0\" alt=\"Alexandre Bezerra2\" src=\"http:\/\/www.saloanoticias.com\/v1\/wp-content\/uploads\/imagens\/alexandre-bezerra25_thumb.jpg\" width=\"524\" height=\"367\"><\/a>Comerciante de bebidas de Salo\u00e1 participaram na ultima quinta feira, de uma audi\u00eancia p\u00fablica, promovida pela Secretaria Municipal de Assist\u00eancia Social e o Centro de Refer\u00eancia Especializado de Assist\u00eancia Social (CREAS). O encontro aconteceu no audit\u00f3rio do Col\u00e9gio S\u00e3o Vicente e contou como palestrante, o promotor Alexandre Bezerra. O objetivo foi sensibilizar os comerciantes para que n\u00e3o vendam bebida alc\u00f3olica a crian\u00e7as e adolescentes. <\/font><font size=\"3\" face=\"Arial\">O promotor Alexandre Bezerra lembrou que muitas vezes, o \u00e1lcool tem sido o elemento propulsor de outros crimes.<\/font>  <\/p>\n<p align=\"justify\"><font size=\"3\" face=\"Arial\">\u201cO consumo do \u00e1lcool tem liga\u00e7\u00e3o direta com crimes mais hediondos como estupro e viol\u00eancia. \u00c9 a droga mais utilizada e que tem levado as fam\u00edlias \u00e0 desagrega\u00e7\u00e3o social e perda de valores\u201d, destacou. Alexandre Bezerra lembrou aos comerciantes que a lei ser\u00e1 cumprida com rigor, e que eles devem ficar atentos para casos de maiores, que compram bebidas a pedido de menores e que consomem muitas vezes na porta dos bares. \u201cO comerciante consciente al\u00e9m de n\u00e3o vender bebida \u00e0 menores, precisa ficar atento para o comportamento de jovens que j\u00e1 chegaram \u00e0 maioridade, mas que muitas vezes compram a bebida para seu colega adolescente\u201d, disse.<\/font>  <\/p>\n<p align=\"justify\"><font size=\"3\" face=\"Arial\">A vereadora Izenilda Brand\u00e3o, que tamb\u00e9m tem um com\u00e9rcio de bebidas na cidade, trouxe um questionamento. Segundo ela \u00e9 dif\u00edcil atentar para os casos de maiores que compram bebidas para menores. Foi aplaudida pelos seus colegas de com\u00e9rcio que tamb\u00e9m t\u00eam o mesmo pensamento. Por\u00e9m o promotor foi enf\u00e1tico: \u201cA lei \u00e9 para ser cumprida, n\u00e3o questionada. Vender bebida alc\u00f3olica a menor \u00e9 crime e d\u00e1 cadeia, independente da quantidade vendida ou da posi\u00e7\u00e3o social do comerciante\u201d.<\/font>  <\/p>\n<p align=\"justify\"><font size=\"3\" face=\"Arial\">O Secret\u00e1rio de Assist\u00eancia Social, Carlos Ouro Preto, lembrou do papel do cidad\u00e3o nessa campanha de conscientiza\u00e7\u00e3o. \u201cEstamos para iniciar os festejos de Momo, nosso carnaval, e devemos controlar a venda de bebidas. O nosso pensamento, enquanto servi\u00e7o social vai de encontro \u00e0 Lei. Temos que evitar que nossas crian\u00e7as e adolescentes entrem no mundo do alcoolismo e para isto contamos com o Conselho Tutelar e queremos contar com todos voc\u00eas que fazem o com\u00e9rcio de Salo\u00e1\u201d, disse Carlos.<\/font>  <\/p>\n<p align=\"justify\"><font size=\"3\" face=\"Arial Black\">Fonte&nbsp; &#8211;&nbsp; Ascom\/Prefeitura de Salo\u00e1 (Geraldo Mouret)<\/font><\/p>\n<div style=\"margin-top: 0px; margin-bottom: 0px;\" class=\"sharethis-inline-share-buttons\" ><\/div>","protected":false},"excerpt":{"rendered":"<p>Comerciante de bebidas de Salo\u00e1 participaram na ultima quinta feira, de uma audi\u00eancia p\u00fablica, promovida pela Secretaria Municipal de Assist\u00eancia Social e o Centro de Refer\u00eancia Especializado de Assist\u00eancia Social (CREAS). O encontro aconteceu no audit\u00f3rio do Col\u00e9gio S\u00e3o Vicente e contou como palestrante, o promotor Alexandre Bezerra. O objetivo foi sensibilizar os comerciantes para [&hellip;]<\/p>\n","protected":false},"author":1,"featured_media":0,"comment_status":"open","ping_status":"open","sticky":false,"template":"","format":"standard","meta":{"footnotes":""},"categories":[2],"tags":[],"class_list":["post-677","post","type-post","status-publish","format-standard","hentry","category-noticias-do-dia"],"_links":{"self":[{"href":"https:\/\/www.saloanoticias.com\/v1\/wp-json\/wp\/v2\/posts\/677","targetHints":{"allow":["GET"]}}],"collection":[{"href":"https:\/\/www.saloanoticias.com\/v1\/wp-json\/wp\/v2\/posts"}],"about":[{"href":"https:\/\/www.saloanoticias.com\/v1\/wp-json\/wp\/v2\/types\/post"}],"author":[{"embeddable":true,"href":"https:\/\/www.saloanoticias.com\/v1\/wp-json\/wp\/v2\/users\/1"}],"replies":[{"embeddable":true,"href":"https:\/\/www.saloanoticias.com\/v1\/wp-json\/wp\/v2\/comments?post=677"}],"version-history":[{"count":0,"href":"https:\/\/www.saloanoticias.com\/v1\/wp-json\/wp\/v2\/posts\/677\/revisions"}],"wp:attachment":[{"href":"https:\/\/www.saloanoticias.com\/v1\/wp-json\/wp\/v2\/media?parent=677"}],"wp:term":[{"taxonomy":"category","embeddable":true,"href":"https:\/\/www.saloanoticias.com\/v1\/wp-json\/wp\/v2\/categories?post=677"},{"taxonomy":"post_tag","embeddable":true,"href":"https:\/\/www.saloanoticias.com\/v1\/wp-json\/wp\/v2\/tags?post=677"}],"curies":[{"name":"wp","href":"https:\/\/api.w.org\/{rel}","templated":true}]}}