{"id":676,"date":"2014-02-22T13:46:00","date_gmt":"2014-02-22T13:46:00","guid":{"rendered":"https:\/\/saloanoticias.mrmediaweb.com\/v1\/2014\/02\/22\/programacao-do-ministro-da-saude-em-saloa-pe\/"},"modified":"2014-02-22T13:46:00","modified_gmt":"2014-02-22T13:46:00","slug":"programacao-do-ministro-da-saude-em-saloa-pe","status":"publish","type":"post","link":"https:\/\/www.saloanoticias.com\/v1\/programacao-do-ministro-da-saude-em-saloa-pe\/","title":{"rendered":"PROGRAMA\u00c7\u00c3O DO MINISTRO DA SA\u00daDE EM SALO\u00c1\/PE"},"content":{"rendered":"<p align=\"justify\"><font size=\"3\" face=\"Arial\"><a href=\"http:\/\/www.saloanoticias.com\/images\/mozart-sales2.jpg\"><img loading=\"lazy\" decoding=\"async\" title=\"Mozart Sales2\" style=\"border-left-width: 0px; border-right-width: 0px; background-image: none; border-bottom-width: 0px; float: left; padding-top: 0px; padding-left: 0px; margin: 5px 5px 0px 0px; display: inline; padding-right: 0px; border-top-width: 0px\" border=\"0\" alt=\"Mozart Sales2\" src=\"http:\/\/www.saloanoticias.com\/v1\/wp-content\/uploads\/imagens\/mozart-sales2_thumb.jpg\" width=\"306\" align=\"left\" height=\"186\"><\/a>A cidade de Salo\u00e1 recebe hoje, s\u00e1bado (22) uma comitiva do Minist\u00e9rio da Sa\u00fade, com o objetivo conhecer o funcionamento do Programa \u201cMais M\u00e9dicos\u201d no munic\u00edpio. A comitiva \u00e9 formada pelo Ministro Interino da Sa\u00fade, Mozart Tabosa Sales, o m\u00e9dico Cubano Gilberto Ramos, coordenador do \u201cMais M\u00e9dicos\u201d em Pernambuco e o Assessor da Secretaria de Gest\u00e3o do Minist\u00e9rio da Sa\u00fade do Brasil, Gileno Gomes. <\/font><font size=\"3\" face=\"Arial\">A programa\u00e7\u00e3o ser\u00e1 definida na chegada do Ministro, at\u00e9 o momento consta na pauta uma reuni\u00e3o com as duas m\u00e9dicas cubanas que atendem em Salo\u00e1\/PE e uma Coletiva com a Imprensa, a partir das 11h.<\/font>  <\/p>\n<p align=\"justify\"><font size=\"3\" face=\"Arial\">Por\u00e9m existe uma s\u00e9rie de a\u00e7\u00f5es na \u00e1rea da sa\u00fade que foram implementadas no Governo atual e que poder\u00e3o ser inauguradas, a exemplo do PSF de Iatec\u00e1 e a Academia da Sa\u00fade. Tamb\u00e9m devem ser anunciados novos conv\u00eanio com o Governo Municipal, uma vez que Salo\u00e1 est\u00e1 prestes a receber 02 novos Postos de Sa\u00fade (PSF) e um Centro de Aten\u00e7\u00e3o psicossocial (CAPES).<\/font>  <\/p>\n<p align=\"justify\"><font size=\"2\" face=\"Arial Black\">Fonte&nbsp; &#8211;&nbsp; Ascom\/Prefeitura de Salo\u00e1\/PE (Texto Geraldo Mouret)<\/font><\/p>\n<div style=\"margin-top: 0px; margin-bottom: 0px;\" class=\"sharethis-inline-share-buttons\" ><\/div>","protected":false},"excerpt":{"rendered":"<p>A cidade de Salo\u00e1 recebe hoje, s\u00e1bado (22) uma comitiva do Minist\u00e9rio da Sa\u00fade, com o objetivo conhecer o funcionamento do Programa \u201cMais M\u00e9dicos\u201d no munic\u00edpio. A comitiva \u00e9 formada pelo Ministro Interino da Sa\u00fade, Mozart Tabosa Sales, o m\u00e9dico Cubano Gilberto Ramos, coordenador do \u201cMais M\u00e9dicos\u201d em Pernambuco e o Assessor da Secretaria de [&hellip;]<\/p>\n","protected":false},"author":1,"featured_media":0,"comment_status":"open","ping_status":"open","sticky":false,"template":"","format":"standard","meta":{"footnotes":""},"categories":[2],"tags":[],"class_list":["post-676","post","type-post","status-publish","format-standard","hentry","category-noticias-do-dia"],"_links":{"self":[{"href":"https:\/\/www.saloanoticias.com\/v1\/wp-json\/wp\/v2\/posts\/676","targetHints":{"allow":["GET"]}}],"collection":[{"href":"https:\/\/www.saloanoticias.com\/v1\/wp-json\/wp\/v2\/posts"}],"about":[{"href":"https:\/\/www.saloanoticias.com\/v1\/wp-json\/wp\/v2\/types\/post"}],"author":[{"embeddable":true,"href":"https:\/\/www.saloanoticias.com\/v1\/wp-json\/wp\/v2\/users\/1"}],"replies":[{"embeddable":true,"href":"https:\/\/www.saloanoticias.com\/v1\/wp-json\/wp\/v2\/comments?post=676"}],"version-history":[{"count":0,"href":"https:\/\/www.saloanoticias.com\/v1\/wp-json\/wp\/v2\/posts\/676\/revisions"}],"wp:attachment":[{"href":"https:\/\/www.saloanoticias.com\/v1\/wp-json\/wp\/v2\/media?parent=676"}],"wp:term":[{"taxonomy":"category","embeddable":true,"href":"https:\/\/www.saloanoticias.com\/v1\/wp-json\/wp\/v2\/categories?post=676"},{"taxonomy":"post_tag","embeddable":true,"href":"https:\/\/www.saloanoticias.com\/v1\/wp-json\/wp\/v2\/tags?post=676"}],"curies":[{"name":"wp","href":"https:\/\/api.w.org\/{rel}","templated":true}]}}