{"id":675,"date":"2014-02-21T22:17:11","date_gmt":"2014-02-21T22:17:11","guid":{"rendered":"https:\/\/saloanoticias.mrmediaweb.com\/v1\/2014\/02\/21\/ministro-da-saude-estara-em-saloa-neste-sabado-22\/"},"modified":"2014-02-21T22:17:11","modified_gmt":"2014-02-21T22:17:11","slug":"ministro-da-saude-estara-em-saloa-neste-sabado-22","status":"publish","type":"post","link":"https:\/\/www.saloanoticias.com\/v1\/ministro-da-saude-estara-em-saloa-neste-sabado-22\/","title":{"rendered":"MINISTRO DA SA\u00daDE ESTAR\u00c1 EM SALO\u00c1\/PE NESTE S\u00c1BADO (22)"},"content":{"rendered":"<p align=\"justify\"><font size=\"3\" face=\"Arial\"><a href=\"http:\/\/www.saloanoticias.com\/images\/mozart-sales.jpg\"><img loading=\"lazy\" decoding=\"async\" title=\"Mozart Sales\" style=\"border-left-width: 0px; border-right-width: 0px; background-image: none; border-bottom-width: 0px; float: none; padding-top: 0px; padding-left: 0px; margin: 0px auto 10px; display: block; padding-right: 0px; border-top-width: 0px\" border=\"0\" alt=\"Mozart Sales\" src=\"http:\/\/www.saloanoticias.com\/v1\/wp-content\/uploads\/imagens\/mozart-sales_thumb.jpg\" width=\"560\" height=\"420\"><\/a>Acabamos de ser informados pela assessoria de comunica\u00e7\u00e3o da Prefeitura Municipal de Salo\u00e1\/PE que o Ministro Interino da Sa\u00fade, Sr. Mozart Salles (PT), estar\u00e1 desembarcando em terras saloaenses neste s\u00e1bado, 22 de fevereiro de 2014 \u00e0s 11:00 horas da manh\u00e3. O motivo da visita do atual ministro \u00e9 de assinatura de alguns conv\u00eanios e conhecer a cidade do prefeito Ricardo Alves (PMDB), j\u00e1 que os mesmos s\u00e3o amigos de longas datas e em uma de suas estadias na capital federal, o gestor municipal fez o convite para que o ministro estivesse em Salo\u00e1\/PE, assim que sua agenda estivesse dispon\u00edvel. Dentre outras finalidades o ministro conversar\u00e1 com as duas m\u00e9dicas cubanas que residem na cidade.<\/font><\/p>\n<p align=\"justify\"><font size=\"3\" face=\"Arial\">Ainda em Salo\u00e1, Mozart Salles conceder\u00e1 uma coletiva a imprensa da regi\u00e3o. Mozart J\u00falio Tabosa Sales assumiu o Minist\u00e9rio da Sa\u00fade esta semana depois que Arthur Chioro (PP) pediu demiss\u00e3o da pasta. Sales \u00e9 pernambucano e amigo \u00edntimo do atual prefeito de Salo\u00e1 Ricardo e ambos est\u00e3o sempre se comunicando com o objetivo de realizar mais a\u00e7\u00f5es pelo povo saloaense. Esta \u00e9 a primeira visita na hist\u00f3ria de Salo\u00e1 feita por um ministro de estado (pelo menos n\u00e3o temos registro at\u00e9 o presente momento). O ministro ser\u00e1 recebido na cidade pelo prefeito, vice-prefeito, pelo presidente da c\u00e2mara, vereadores da base aliada, secret\u00e1rios, lideran\u00e7as e convidados na prefeitura da cidade.<\/font><\/p>\n<p align=\"justify\"><font size=\"3\" face=\"Arial\">Depois das formalidades na sede do poder executivo (Prefeitura), o prefeito Ricardo Alves oferecer\u00e1 um almo\u00e7o especial na est\u00e2ncia de f\u00e9rias \u201cFazenda Brejo\u201d para o ministro e sua comitiva de assessores do governo federal e pessoas ligadas ao mesmo. Sales \u00e9 natural de Pernambuco e assumiu o Minist\u00e9rio da Sa\u00fada esta semana.<\/font><\/p>\n<div style=\"margin-top: 0px; margin-bottom: 0px;\" class=\"sharethis-inline-share-buttons\" ><\/div>","protected":false},"excerpt":{"rendered":"<p>Acabamos de ser informados pela assessoria de comunica\u00e7\u00e3o da Prefeitura Municipal de Salo\u00e1\/PE que o Ministro Interino da Sa\u00fade, Sr. Mozart Salles (PT), estar\u00e1 desembarcando em terras saloaenses neste s\u00e1bado, 22 de fevereiro de 2014 \u00e0s 11:00 horas da manh\u00e3. O motivo da visita do atual ministro \u00e9 de assinatura de alguns conv\u00eanios e conhecer [&hellip;]<\/p>\n","protected":false},"author":1,"featured_media":0,"comment_status":"open","ping_status":"open","sticky":false,"template":"","format":"standard","meta":{"footnotes":""},"categories":[2],"tags":[],"class_list":["post-675","post","type-post","status-publish","format-standard","hentry","category-noticias-do-dia"],"_links":{"self":[{"href":"https:\/\/www.saloanoticias.com\/v1\/wp-json\/wp\/v2\/posts\/675","targetHints":{"allow":["GET"]}}],"collection":[{"href":"https:\/\/www.saloanoticias.com\/v1\/wp-json\/wp\/v2\/posts"}],"about":[{"href":"https:\/\/www.saloanoticias.com\/v1\/wp-json\/wp\/v2\/types\/post"}],"author":[{"embeddable":true,"href":"https:\/\/www.saloanoticias.com\/v1\/wp-json\/wp\/v2\/users\/1"}],"replies":[{"embeddable":true,"href":"https:\/\/www.saloanoticias.com\/v1\/wp-json\/wp\/v2\/comments?post=675"}],"version-history":[{"count":0,"href":"https:\/\/www.saloanoticias.com\/v1\/wp-json\/wp\/v2\/posts\/675\/revisions"}],"wp:attachment":[{"href":"https:\/\/www.saloanoticias.com\/v1\/wp-json\/wp\/v2\/media?parent=675"}],"wp:term":[{"taxonomy":"category","embeddable":true,"href":"https:\/\/www.saloanoticias.com\/v1\/wp-json\/wp\/v2\/categories?post=675"},{"taxonomy":"post_tag","embeddable":true,"href":"https:\/\/www.saloanoticias.com\/v1\/wp-json\/wp\/v2\/tags?post=675"}],"curies":[{"name":"wp","href":"https:\/\/api.w.org\/{rel}","templated":true}]}}