{"id":673,"date":"2014-02-21T19:49:00","date_gmt":"2014-02-21T19:49:00","guid":{"rendered":"https:\/\/saloanoticias.mrmediaweb.com\/v1\/2014\/02\/21\/hoje-tem-limao-com-mel-em-paranatama\/"},"modified":"2014-02-21T19:49:00","modified_gmt":"2014-02-21T19:49:00","slug":"hoje-tem-limao-com-mel-em-paranatama","status":"publish","type":"post","link":"https:\/\/www.saloanoticias.com\/v1\/hoje-tem-limao-com-mel-em-paranatama\/","title":{"rendered":"HOJE TEM LIM\u00c3O COM MEL NA PRA\u00c7A EM PARANATAMA\/PE"},"content":{"rendered":"<p align=\"justify\"><a href=\"http:\/\/www.saloanoticias.com\/images\/paranatama.jpg\"><font size=\"3\" face=\"Arial\"><img loading=\"lazy\" decoding=\"async\" title=\"Paranatama\" style=\"border-left-width: 0px; border-right-width: 0px; background-image: none; border-bottom-width: 0px; float: none; padding-top: 0px; padding-left: 0px; margin: 0px auto 10px; display: block; padding-right: 0px; border-top-width: 0px\" border=\"0\" alt=\"Paranatama\" src=\"http:\/\/www.saloanoticias.com\/v1\/wp-content\/uploads\/imagens\/paranatama_thumb.jpg\" width=\"565\" height=\"424\"><\/font><\/a><font size=\"3\" face=\"Arial\">A cidade de Paranatama\/PE comemora hoje seus 50 anos de emancipa\u00e7\u00e3o pol\u00edtica. Nessa data especial a Prefeitura Municipal realiza uma grande festa com Forr\u00f3 Dboys e a Banda Lim\u00e3o com Mel. J\u00e1 est\u00e1 quase tudo preparado para logo mais a noite. A festa acontecer\u00e1 no centro da cidade, pr\u00f3ximo aos Correios e o Monte Horebe Supermercado, nesse exato momento o pessoal da Banda Lim\u00e3o com Mel est\u00e3o montando a estrutura no palco para o grande show a noite.<\/font><\/p>\n<p align=\"justify\"><font size=\"3\" face=\"Arial Black\">Fonte e foto&nbsp; &#8211;&nbsp; Agreste Revista News<\/font><\/p>\n<div style=\"margin-top: 0px; margin-bottom: 0px;\" class=\"sharethis-inline-share-buttons\" ><\/div>","protected":false},"excerpt":{"rendered":"<p>A cidade de Paranatama\/PE comemora hoje seus 50 anos de emancipa\u00e7\u00e3o pol\u00edtica. Nessa data especial a Prefeitura Municipal realiza uma grande festa com Forr\u00f3 Dboys e a Banda Lim\u00e3o com Mel. J\u00e1 est\u00e1 quase tudo preparado para logo mais a noite. A festa acontecer\u00e1 no centro da cidade, pr\u00f3ximo aos Correios e o Monte Horebe [&hellip;]<\/p>\n","protected":false},"author":1,"featured_media":0,"comment_status":"open","ping_status":"open","sticky":false,"template":"","format":"standard","meta":{"footnotes":""},"categories":[2],"tags":[],"class_list":["post-673","post","type-post","status-publish","format-standard","hentry","category-noticias-do-dia"],"_links":{"self":[{"href":"https:\/\/www.saloanoticias.com\/v1\/wp-json\/wp\/v2\/posts\/673","targetHints":{"allow":["GET"]}}],"collection":[{"href":"https:\/\/www.saloanoticias.com\/v1\/wp-json\/wp\/v2\/posts"}],"about":[{"href":"https:\/\/www.saloanoticias.com\/v1\/wp-json\/wp\/v2\/types\/post"}],"author":[{"embeddable":true,"href":"https:\/\/www.saloanoticias.com\/v1\/wp-json\/wp\/v2\/users\/1"}],"replies":[{"embeddable":true,"href":"https:\/\/www.saloanoticias.com\/v1\/wp-json\/wp\/v2\/comments?post=673"}],"version-history":[{"count":0,"href":"https:\/\/www.saloanoticias.com\/v1\/wp-json\/wp\/v2\/posts\/673\/revisions"}],"wp:attachment":[{"href":"https:\/\/www.saloanoticias.com\/v1\/wp-json\/wp\/v2\/media?parent=673"}],"wp:term":[{"taxonomy":"category","embeddable":true,"href":"https:\/\/www.saloanoticias.com\/v1\/wp-json\/wp\/v2\/categories?post=673"},{"taxonomy":"post_tag","embeddable":true,"href":"https:\/\/www.saloanoticias.com\/v1\/wp-json\/wp\/v2\/tags?post=673"}],"curies":[{"name":"wp","href":"https:\/\/api.w.org\/{rel}","templated":true}]}}