{"id":672,"date":"2014-02-21T12:29:12","date_gmt":"2014-02-21T12:29:12","guid":{"rendered":"https:\/\/saloanoticias.mrmediaweb.com\/v1\/2014\/02\/21\/efetivacao-dos-agentes-de-saude-acontece-daqui-a-pouco-em-saloa\/"},"modified":"2014-02-21T12:29:12","modified_gmt":"2014-02-21T12:29:12","slug":"efetivacao-dos-agentes-de-saude-acontece-daqui-a-pouco-em-saloa","status":"publish","type":"post","link":"https:\/\/www.saloanoticias.com\/v1\/efetivacao-dos-agentes-de-saude-acontece-daqui-a-pouco-em-saloa\/","title":{"rendered":"EFETIVA\u00c7\u00c3O DOS AGENTES DE SA\u00daDE ACONTECE DAQUI A POUCO EM SALO\u00c1"},"content":{"rendered":"<p align=\"justify\"><font size=\"3\" face=\"Arial\"><a href=\"http:\/\/www.saloanoticias.com\/images\/agentes-ii-_81563068c5c748e63a5761b3b5ef6681.jpg\"><img loading=\"lazy\" decoding=\"async\" title=\"Agentes II \" style=\"border-top: 0px; border-right: 0px; background-image: none; border-bottom: 0px; float: none; padding-top: 0px; padding-left: 0px; margin: 0px auto 10px; border-left: 0px; display: block; padding-right: 0px\" border=\"0\" alt=\"Agentes II \" src=\"http:\/\/www.saloanoticias.com\/v1\/wp-content\/uploads\/imagens\/agentes-ii-_thumb_81c7853c4ffc91f007118ad338835d91.jpg\" width=\"588\" height=\"340\"><\/a>Daqui a pouco, \u00e0s 10:00 horas da manh\u00e3, acontece no audit\u00f3rio da escola municipal S\u00e3o Vicente a t\u00e3o esperada efetiva\u00e7\u00e3o dos ACS (Agentes Comunit\u00e1rios de Sa\u00fade) de Salo\u00e1\/PE, estes que j\u00e1 possuem esse direito desde uma emenda constitucional promulgada no ano de 2006 pelo Congresso Nacional, mas que nas gest\u00f5es passadas n\u00e3o foram respeitados os seus direitos. Ser\u00e3o 18 profissionais que est\u00e3o trabalhando nesta fun\u00e7\u00e3o h\u00e1 mais de 17 anos e que t\u00eam o direito adquirido de se tornarem efetivos nos quadros de funcion\u00e1rios do munic\u00edpio.<\/font><\/p>\n<p align=\"justify\"><font size=\"3\" face=\"Arial\">Segundo o prefeito de Salo\u00e1, Ricardo Alves, essas pessoas e suas fam\u00edlias merecem este reconhecimento, e ainda segundo ele, n\u00e3o entendi o motivo deles ainda n\u00e3o terem sido efetivados a mais tempo. \u201cEssa \u00e9 uma a\u00e7\u00e3o meramente pol\u00edtica, disse Ricardo\u201d, destacando a falta de interesse de seus antecessores sobre este assunto. Vale destacar que Salo\u00e1 era um dos poucos munic\u00edpios que ainda n\u00e3o tinha dado cumprimento a lei federal. A solenidade acontece no audit\u00f3rio do col\u00e9gio S\u00e3o Vicente \u00e0s 10:00 horas desta sexta-feira (21) e, logo em seguida os novos efetivos, familiares e convidados ser\u00e3o homenageados com um grande buffet oferecido pela prefeitura na quadras poliesportiva daquela escola.<\/font><\/p>\n<p align=\"justify\"><font size=\"3\" face=\"Arial\">Givaldo Bas\u00edlio, vice-presidente da associa\u00e7\u00e3o da categoria estava muito satisfeito com esta a\u00e7\u00e3o do executivo e se disse tranquilizado em ter o seu direito garantido, coisa que vinha lutando h\u00e1 anos e que n\u00e3o havia tido sucesso. Para Givaldo, tudo acontece na hora certa e, agora chegou a nossa hora, disse. A festa contar\u00e1 com a presen\u00e7a de v\u00e1rias autoridades do munic\u00edpio, dentre elas o prefeito, vereadores, secret\u00e1rios e convidados.<\/font><\/p>\n<div style=\"margin-top: 0px; margin-bottom: 0px;\" class=\"sharethis-inline-share-buttons\" ><\/div>","protected":false},"excerpt":{"rendered":"<p>Daqui a pouco, \u00e0s 10:00 horas da manh\u00e3, acontece no audit\u00f3rio da escola municipal S\u00e3o Vicente a t\u00e3o esperada efetiva\u00e7\u00e3o dos ACS (Agentes Comunit\u00e1rios de Sa\u00fade) de Salo\u00e1\/PE, estes que j\u00e1 possuem esse direito desde uma emenda constitucional promulgada no ano de 2006 pelo Congresso Nacional, mas que nas gest\u00f5es passadas n\u00e3o foram respeitados os [&hellip;]<\/p>\n","protected":false},"author":1,"featured_media":0,"comment_status":"open","ping_status":"open","sticky":false,"template":"","format":"standard","meta":{"footnotes":""},"categories":[2],"tags":[],"class_list":["post-672","post","type-post","status-publish","format-standard","hentry","category-noticias-do-dia"],"_links":{"self":[{"href":"https:\/\/www.saloanoticias.com\/v1\/wp-json\/wp\/v2\/posts\/672","targetHints":{"allow":["GET"]}}],"collection":[{"href":"https:\/\/www.saloanoticias.com\/v1\/wp-json\/wp\/v2\/posts"}],"about":[{"href":"https:\/\/www.saloanoticias.com\/v1\/wp-json\/wp\/v2\/types\/post"}],"author":[{"embeddable":true,"href":"https:\/\/www.saloanoticias.com\/v1\/wp-json\/wp\/v2\/users\/1"}],"replies":[{"embeddable":true,"href":"https:\/\/www.saloanoticias.com\/v1\/wp-json\/wp\/v2\/comments?post=672"}],"version-history":[{"count":0,"href":"https:\/\/www.saloanoticias.com\/v1\/wp-json\/wp\/v2\/posts\/672\/revisions"}],"wp:attachment":[{"href":"https:\/\/www.saloanoticias.com\/v1\/wp-json\/wp\/v2\/media?parent=672"}],"wp:term":[{"taxonomy":"category","embeddable":true,"href":"https:\/\/www.saloanoticias.com\/v1\/wp-json\/wp\/v2\/categories?post=672"},{"taxonomy":"post_tag","embeddable":true,"href":"https:\/\/www.saloanoticias.com\/v1\/wp-json\/wp\/v2\/tags?post=672"}],"curies":[{"name":"wp","href":"https:\/\/api.w.org\/{rel}","templated":true}]}}