{"id":669,"date":"2014-02-21T02:47:19","date_gmt":"2014-02-21T02:47:19","guid":{"rendered":"https:\/\/saloanoticias.mrmediaweb.com\/v1\/2014\/02\/21\/danilo-cabral-agradece-o-apoio-recebido\/"},"modified":"2014-02-21T02:47:19","modified_gmt":"2014-02-21T02:47:19","slug":"danilo-cabral-agradece-o-apoio-recebido","status":"publish","type":"post","link":"https:\/\/www.saloanoticias.com\/v1\/danilo-cabral-agradece-o-apoio-recebido\/","title":{"rendered":"DANILO CABRAL AGRADECE A TODOS PELO APOIO RECEBIDO NAS \u00daLTIMAS SEMANAS"},"content":{"rendered":"<p align=\"justify\"><font size=\"3\" face=\"Arial\"><a href=\"http:\/\/www.saloanoticias.com\/images\/danilo-cabral_2a7dfb4978e065c633768e7dbada8949.jpg\"><img loading=\"lazy\" decoding=\"async\" title=\"Danilo Cabral\" style=\"border-top: 0px; border-right: 0px; background-image: none; border-bottom: 0px; float: left; padding-top: 0px; padding-left: 0px; margin: 5px 5px 0px 0px; border-left: 0px; display: inline; padding-right: 0px\" border=\"0\" alt=\"Danilo Cabral\" src=\"http:\/\/www.saloanoticias.com\/v1\/wp-content\/uploads\/imagens\/danilo-cabral_thumb_234ad74092c4b99e0e073c72d6dc3854.jpg\" width=\"269\" align=\"left\" height=\"201\"><\/a>Nos \u00faltimos meses, desde que se iniciou o debate sobre a sucess\u00e3o estadual, recebi diversas manifesta\u00e7\u00f5es de apoio ao meu nome para disputar o Governo do Estado de Pernambuco. A todos esses companheiros e amigos, sinceramente, agrade\u00e7o ! Muito Obrigado ! Transmito aqui minha tamb\u00e9m sincera alegria pela escolha de Paulo Camara. A escolha dele \u00e9 a afirma\u00e7\u00e3o da integridade, da compet\u00eancia e da capacidade de construir a unidade pol\u00edtica em torno de um projeto de renova\u00e7\u00e3o para Pernambuco. Desde j\u00e1, CONVOCO a todos e todas para se dedicar, com o mesmo entusiasmo manifestado ao meu nome, a essa caminhada cuja vit\u00f3ria vir\u00e1 para o bem de Pernambuco.<\/font><\/p>\n<p align=\"justify\"><font size=\"3\" face=\"Arial\"><font face=\"Arial Black\">Fonte&nbsp; &#8211;&nbsp; Facebook do deputado Danilo Cabral<\/font>&nbsp; &#8211;&nbsp; <a title=\"https:\/\/www.facebook.com\/danilo.cabralii?fref=ts\" href=\"https:\/\/www.facebook.com\/danilo.cabralii?fref=ts\">https:\/\/www.facebook.com\/danilo.cabralii?fref=ts<\/a><\/font><\/p>\n<div style=\"margin-top: 0px; margin-bottom: 0px;\" class=\"sharethis-inline-share-buttons\" ><\/div>","protected":false},"excerpt":{"rendered":"<p>Nos \u00faltimos meses, desde que se iniciou o debate sobre a sucess\u00e3o estadual, recebi diversas manifesta\u00e7\u00f5es de apoio ao meu nome para disputar o Governo do Estado de Pernambuco. A todos esses companheiros e amigos, sinceramente, agrade\u00e7o ! Muito Obrigado ! Transmito aqui minha tamb\u00e9m sincera alegria pela escolha de Paulo Camara. A escolha dele [&hellip;]<\/p>\n","protected":false},"author":1,"featured_media":0,"comment_status":"open","ping_status":"open","sticky":false,"template":"","format":"standard","meta":{"footnotes":""},"categories":[2],"tags":[],"class_list":["post-669","post","type-post","status-publish","format-standard","hentry","category-noticias-do-dia"],"_links":{"self":[{"href":"https:\/\/www.saloanoticias.com\/v1\/wp-json\/wp\/v2\/posts\/669","targetHints":{"allow":["GET"]}}],"collection":[{"href":"https:\/\/www.saloanoticias.com\/v1\/wp-json\/wp\/v2\/posts"}],"about":[{"href":"https:\/\/www.saloanoticias.com\/v1\/wp-json\/wp\/v2\/types\/post"}],"author":[{"embeddable":true,"href":"https:\/\/www.saloanoticias.com\/v1\/wp-json\/wp\/v2\/users\/1"}],"replies":[{"embeddable":true,"href":"https:\/\/www.saloanoticias.com\/v1\/wp-json\/wp\/v2\/comments?post=669"}],"version-history":[{"count":0,"href":"https:\/\/www.saloanoticias.com\/v1\/wp-json\/wp\/v2\/posts\/669\/revisions"}],"wp:attachment":[{"href":"https:\/\/www.saloanoticias.com\/v1\/wp-json\/wp\/v2\/media?parent=669"}],"wp:term":[{"taxonomy":"category","embeddable":true,"href":"https:\/\/www.saloanoticias.com\/v1\/wp-json\/wp\/v2\/categories?post=669"},{"taxonomy":"post_tag","embeddable":true,"href":"https:\/\/www.saloanoticias.com\/v1\/wp-json\/wp\/v2\/tags?post=669"}],"curies":[{"name":"wp","href":"https:\/\/api.w.org\/{rel}","templated":true}]}}