{"id":668,"date":"2014-02-20T21:46:09","date_gmt":"2014-02-20T21:46:09","guid":{"rendered":"https:\/\/saloanoticias.mrmediaweb.com\/v1\/2014\/02\/20\/paulo-camara-foi-o-escolhido\/"},"modified":"2014-02-20T21:46:09","modified_gmt":"2014-02-20T21:46:09","slug":"paulo-camara-foi-o-escolhido","status":"publish","type":"post","link":"https:\/\/www.saloanoticias.com\/v1\/paulo-camara-foi-o-escolhido\/","title":{"rendered":"PAULO C\u00c2MARA FOI O ESCOLHIDO"},"content":{"rendered":"<p align=\"justify\"><font size=\"3\" face=\"Arial\"><a href=\"http:\/\/www.saloanoticias.com\/images\/paulo-camara_ccc5473419f31f37dc893e9f4fab1a02.jpg\"><img loading=\"lazy\" decoding=\"async\" title=\"paulo-camara\" style=\"border-top: 0px; border-right: 0px; background-image: none; border-bottom: 0px; float: right; padding-top: 0px; padding-left: 0px; margin: 5px 0px 0px 5px; border-left: 0px; display: inline; padding-right: 0px\" border=\"0\" alt=\"paulo-camara\" src=\"http:\/\/www.saloanoticias.com\/v1\/wp-content\/uploads\/imagens\/paulo-camara_thumb_62abbe6fe160c62b7fee36f5189a2558.jpg\" width=\"179\" align=\"right\" height=\"251\"><\/a>O suspense em torno da indica\u00e7\u00e3o da chapa majorit\u00e1ria do PSB para concorrer ao governo do estado dever\u00e1 terminar a qualquer momento. O governador Eduardo Campos vai anunciar o secret\u00e1rio da Fazenda, Paulo C\u00e2mara, o deputado federal Raul Henry (PMDB) e o ex-ministro Fernando Bezerra Coelho como candidatos a governador, vice e senador, respectivamente. Ap\u00f3s uma longa noite de negocia\u00e7\u00e3o, os socialistas finalizaram as conversas sobre a sucess\u00e3o estadual. Aliados de Eduardo n\u00e3o descartam que o an\u00fancio seja feito ainda nesta sexta-feira (21).<\/font><\/p>\n<p align=\"justify\"><font size=\"3\" face=\"Arial\">O \u00faltimo nome a ser fechado na composi\u00e7\u00e3o da chapa majorit\u00e1ria foi o de Fernando Bezerra Coelho. O ex-ministro pretendia concorrer ao governo do estado e relutava em aceitar disputar o Senado, porque, ao concordar com o convite, estaria automaticamente fechando a porta para concorrer a governador. Bezerra Coelho foi chamado na noite de ontem (19) para uma reuni\u00e3o com socialistas. Deixou o encontro dizendo que daria a resposta hoje (20), depois de analisar qual o papel que desempenhar\u00e1 na campanha.<\/font><\/p>\n<p align=\"justify\"><font size=\"3\" face=\"Arial Black\">Fonte&nbsp; &#8211;&nbsp; Di\u00e1rio de Pernambuco<\/font><\/p>\n<div style=\"margin-top: 0px; margin-bottom: 0px;\" class=\"sharethis-inline-share-buttons\" ><\/div>","protected":false},"excerpt":{"rendered":"<p>O suspense em torno da indica\u00e7\u00e3o da chapa majorit\u00e1ria do PSB para concorrer ao governo do estado dever\u00e1 terminar a qualquer momento. O governador Eduardo Campos vai anunciar o secret\u00e1rio da Fazenda, Paulo C\u00e2mara, o deputado federal Raul Henry (PMDB) e o ex-ministro Fernando Bezerra Coelho como candidatos a governador, vice e senador, respectivamente. Ap\u00f3s [&hellip;]<\/p>\n","protected":false},"author":1,"featured_media":0,"comment_status":"open","ping_status":"open","sticky":false,"template":"","format":"standard","meta":{"footnotes":""},"categories":[2],"tags":[],"class_list":["post-668","post","type-post","status-publish","format-standard","hentry","category-noticias-do-dia"],"_links":{"self":[{"href":"https:\/\/www.saloanoticias.com\/v1\/wp-json\/wp\/v2\/posts\/668","targetHints":{"allow":["GET"]}}],"collection":[{"href":"https:\/\/www.saloanoticias.com\/v1\/wp-json\/wp\/v2\/posts"}],"about":[{"href":"https:\/\/www.saloanoticias.com\/v1\/wp-json\/wp\/v2\/types\/post"}],"author":[{"embeddable":true,"href":"https:\/\/www.saloanoticias.com\/v1\/wp-json\/wp\/v2\/users\/1"}],"replies":[{"embeddable":true,"href":"https:\/\/www.saloanoticias.com\/v1\/wp-json\/wp\/v2\/comments?post=668"}],"version-history":[{"count":0,"href":"https:\/\/www.saloanoticias.com\/v1\/wp-json\/wp\/v2\/posts\/668\/revisions"}],"wp:attachment":[{"href":"https:\/\/www.saloanoticias.com\/v1\/wp-json\/wp\/v2\/media?parent=668"}],"wp:term":[{"taxonomy":"category","embeddable":true,"href":"https:\/\/www.saloanoticias.com\/v1\/wp-json\/wp\/v2\/categories?post=668"},{"taxonomy":"post_tag","embeddable":true,"href":"https:\/\/www.saloanoticias.com\/v1\/wp-json\/wp\/v2\/tags?post=668"}],"curies":[{"name":"wp","href":"https:\/\/api.w.org\/{rel}","templated":true}]}}