{"id":666,"date":"2014-02-20T12:01:33","date_gmt":"2014-02-20T12:01:33","guid":{"rendered":"https:\/\/saloanoticias.mrmediaweb.com\/v1\/2014\/02\/20\/armando-destaca-apoio-da-codevasf-aos-pequenos-produtores-rurais\/"},"modified":"2014-02-20T12:01:33","modified_gmt":"2014-02-20T12:01:33","slug":"armando-destaca-apoio-da-codevasf-aos-pequenos-produtores-rurais","status":"publish","type":"post","link":"https:\/\/www.saloanoticias.com\/v1\/armando-destaca-apoio-da-codevasf-aos-pequenos-produtores-rurais\/","title":{"rendered":"ARMANDO DESTACA APOIO DA CODEVASF AOS PEQUENOS PRODUTORES RURAIS"},"content":{"rendered":"<p align=\"justify\"><font face=\"Arial\"><font size=\"3\"><strong><a href=\"http:\/\/www.saloanoticias.com\/images\/desfilesenador_armando_02.jpg\"><img loading=\"lazy\" decoding=\"async\" title=\"desfileSenador_Armando_02\" style=\"border-top: 0px; border-right: 0px; background-image: none; border-bottom: 0px; float: none; padding-top: 0px; padding-left: 0px; margin: 0px auto 10px; border-left: 0px; display: block; padding-right: 0px\" border=\"0\" alt=\"desfileSenador_Armando_02\" src=\"http:\/\/www.saloanoticias.com\/v1\/wp-content\/uploads\/imagens\/desfilesenador_armando_02_thumb.jpg\" width=\"532\" height=\"355\"><\/a>Petrolina &#8211;<\/strong> Acompanhado do senador Humberto Costa (PT), do prefeito desta cidade, J\u00falio L\u00f3ssio (PMDB), e dos deputados estaduais Adalberto Cavalcanti (PTB), Izabel Cristina e Odacy Amorim (PT), o senador Armando Monteiro (PTB) fez quest\u00e3o de prestigiar nesta segunda-feira (17) a posse do novo superintendente da Codevasf (Companhia de Desenvolvimento dos Vales do S\u00e3o Francisco e Parna\u00edba) em Petrolina, Jo\u00e3o Bosco Lacerda. A solenidade foi conduzida pelo presidente da estatal, Elmo Vaz, e contou ainda com as participa\u00e7\u00f5es de dezenas de prefeitos dos sert\u00f5es do S\u00e3o Francisco, Central e do Araripe, al\u00e9m de produtores e trabalhadores rurais.<\/font><\/font><\/p>\n<p align=\"justify\"><font face=\"Arial\"><font size=\"3\">&#8220;A Codevasf tem um papel fundamental, \u00e9 um instrumento decisivo para que a regi\u00e3o possa enfrentar e vencer os seus desafios. Apenas entre 2011 e 2014, a Companhia investiu cerca de R$ 1 bilh\u00e3o nos per\u00edmetros irrigados; nos programas de abastecimento de \u00e1gua, com a implanta\u00e7\u00e3o de quase 40 mil cisternas; em po\u00e7os tubulares, barragens subterr\u00e2neas, al\u00e9m de a\u00e7\u00f5es de grande alcance social, como as de esgotamento sanit\u00e1rio&#8221;, lembrou Armando Monteiro. A superintend\u00eancia sediada em Petrolina atende a 69 munic\u00edpios do Estado. Durante a solenidade, o senador teve a garantia de que a Codevasf ir\u00e1 instalar um novo escrit\u00f3rio no Sert\u00e3o do Araripe nas pr\u00f3ximas semanas. Esta \u00e9 uma reivindica\u00e7\u00e3o antiga dos produtores da regi\u00e3o de Araripina e que foi atendida ap\u00f3s reuni\u00f5es entre Armando e presidente da Companhia, Elmo Vaz.<\/p>\n<p align=\"justify\">Na opini\u00e3o de Armando Monteiro, a atua\u00e7\u00e3o da Codevasf tem rela\u00e7\u00e3o direta com o que vem defendendo para Pernambuco, que \u00e9 a realiza\u00e7\u00e3o de investimentos visando assegurar maior equil\u00edbrio no desenvolvimento do Estado: &#8220;Eu defendo h\u00e1 muito tempo a necessidade de promover um desenvolvimento mais equilibrado. Pernambuco cresceu nos \u00faltimos anos, mas cresceu mais para o Litoral. Portanto, os desn\u00edveis regionais se acentuaram. O sertanejo tem um ter\u00e7o da renda do pernambucano da \u00e1rea metropolitana. Ent\u00e3o, qual \u00e9 o meu compromisso central? \u00c9 promover um desenvolvimento mais equilibrado&#8221;. Para isso, explicou Armando, \u00e9 preciso realizar fortes investimentos em infraestrutura e na qualifica\u00e7\u00e3o das pessoas.<\/p>\n<p align=\"justify\">&#8220;E promover uma maior assist\u00eancia a todos aqueles que est\u00e3o nos per\u00edmetros irrigados, sobretudo o pequeno produtor, que precisa fundamentalmente de uma maior assist\u00eancia t\u00e9cnica, de mais cr\u00e9dito e do maior apoio \u00e0s suas atividades&#8221;, ressaltou. O senador Armando Monteiro apontou ainda como fundamental a manuten\u00e7\u00e3o e amplia\u00e7\u00e3o das parcerias com o governo da presidente Dilma Rousseff. \u00c9 desta forma, diz o senador, que ser\u00e1 poss\u00edvel concluir os grandes investimentos em curso hoje na regi\u00e3o, como a Transposi\u00e7\u00e3o do S\u00e3o Francisco, a Adutora do Oeste, o Ramal de Entremontes, o Canal do Sert\u00e3o e a Adutora do Paje\u00fa.<\/p>\n<p align=\"justify\"><em><strong><font face=\"Arial Black\">Cr\u00e9dito da foto: Assessoria de imprensa\/divulga\u00e7\u00e3o<\/font><\/strong><\/em><\/font><\/font><\/p>\n<div style=\"margin-top: 0px; margin-bottom: 0px;\" class=\"sharethis-inline-share-buttons\" ><\/div>","protected":false},"excerpt":{"rendered":"<p>Petrolina &#8211; Acompanhado do senador Humberto Costa (PT), do prefeito desta cidade, J\u00falio L\u00f3ssio (PMDB), e dos deputados estaduais Adalberto Cavalcanti (PTB), Izabel Cristina e Odacy Amorim (PT), o senador Armando Monteiro (PTB) fez quest\u00e3o de prestigiar nesta segunda-feira (17) a posse do novo superintendente da Codevasf (Companhia de Desenvolvimento dos Vales do S\u00e3o Francisco [&hellip;]<\/p>\n","protected":false},"author":1,"featured_media":0,"comment_status":"open","ping_status":"open","sticky":false,"template":"","format":"standard","meta":{"footnotes":""},"categories":[2],"tags":[],"class_list":["post-666","post","type-post","status-publish","format-standard","hentry","category-noticias-do-dia"],"_links":{"self":[{"href":"https:\/\/www.saloanoticias.com\/v1\/wp-json\/wp\/v2\/posts\/666","targetHints":{"allow":["GET"]}}],"collection":[{"href":"https:\/\/www.saloanoticias.com\/v1\/wp-json\/wp\/v2\/posts"}],"about":[{"href":"https:\/\/www.saloanoticias.com\/v1\/wp-json\/wp\/v2\/types\/post"}],"author":[{"embeddable":true,"href":"https:\/\/www.saloanoticias.com\/v1\/wp-json\/wp\/v2\/users\/1"}],"replies":[{"embeddable":true,"href":"https:\/\/www.saloanoticias.com\/v1\/wp-json\/wp\/v2\/comments?post=666"}],"version-history":[{"count":0,"href":"https:\/\/www.saloanoticias.com\/v1\/wp-json\/wp\/v2\/posts\/666\/revisions"}],"wp:attachment":[{"href":"https:\/\/www.saloanoticias.com\/v1\/wp-json\/wp\/v2\/media?parent=666"}],"wp:term":[{"taxonomy":"category","embeddable":true,"href":"https:\/\/www.saloanoticias.com\/v1\/wp-json\/wp\/v2\/categories?post=666"},{"taxonomy":"post_tag","embeddable":true,"href":"https:\/\/www.saloanoticias.com\/v1\/wp-json\/wp\/v2\/tags?post=666"}],"curies":[{"name":"wp","href":"https:\/\/api.w.org\/{rel}","templated":true}]}}