{"id":665,"date":"2014-02-19T19:48:36","date_gmt":"2014-02-19T19:48:36","guid":{"rendered":"https:\/\/saloanoticias.mrmediaweb.com\/v1\/2014\/02\/19\/acougue-publico-de-saloa-e-destaque-pela-limpeza-e-higienizacao\/"},"modified":"2014-02-19T19:48:36","modified_gmt":"2014-02-19T19:48:36","slug":"acougue-publico-de-saloa-e-destaque-pela-limpeza-e-higienizacao","status":"publish","type":"post","link":"https:\/\/www.saloanoticias.com\/v1\/acougue-publico-de-saloa-e-destaque-pela-limpeza-e-higienizacao\/","title":{"rendered":"A\u00c7OUGUE P\u00daBLICO DE SALO\u00c1 \u00c9 DESTAQUE PELA LIMPEZA E HIGIENIZA\u00c7\u00c3O"},"content":{"rendered":"<p align=\"justify\"><font size=\"3\" face=\"Arial\"><a href=\"http:\/\/www.saloanoticias.com\/images\/desfileaa-01.jpg\"><img loading=\"lazy\" decoding=\"async\" title=\"desfileAA 01\" style=\"border-top: 0px; border-right: 0px; background-image: none; border-bottom: 0px; float: none; padding-top: 0px; padding-left: 0px; margin: 0px auto 10px; border-left: 0px; display: block; padding-right: 0px\" border=\"0\" alt=\"desfileAA 01\" src=\"http:\/\/www.saloanoticias.com\/v1\/wp-content\/uploads\/imagens\/desfileaa-01_thumb.jpg\" width=\"574\" height=\"431\"><\/a>O A\u00e7ougue P\u00fablico de Salo\u00e1, tem se destacado pela organiza\u00e7\u00e3o e limpeza. O ambiente, que funciona praticamente durante toda a semana, comercializa carnes de bovinos, caprinos e su\u00ednos, tem sido cuidado com primor pelo Governo Municipal. Tr\u00eas funcion\u00e1rios realizam diariamente a higieniza\u00e7\u00e3o do recinto, e a cada 15 dias feitas pulveriza\u00e7\u00f5es para combater moscas e outros insetos. A limpeza tem deixado os machantes satisfeitos. \u201cGeralmente os a\u00e7ougues s\u00e3o sujos, o que \u00e9 contradit\u00f3rio para o trabalho desses profissionais, j\u00e1 que lidam com alimentos.<\/font><\/p>\n<p align=\"justify\"><a href=\"http:\/\/www.saloanoticias.com\/images\/desfileaa-02.jpg\"><img loading=\"lazy\" decoding=\"async\" title=\"desfileAA 02\" style=\"border-top: 0px; border-right: 0px; background-image: none; border-bottom: 0px; float: none; padding-top: 0px; padding-left: 0px; margin: 10px auto; border-left: 0px; display: block; padding-right: 0px\" border=\"0\" alt=\"desfileAA 02\" src=\"http:\/\/www.saloanoticias.com\/v1\/wp-content\/uploads\/imagens\/desfileaa-02_thumb.jpg\" width=\"575\" height=\"431\"><\/a><\/p>\n<p align=\"justify\"><font size=\"3\" face=\"Arial\">Por isso temos primado pela limpeza e satisfa\u00e7\u00e3o dos trabalhadores\u201d. Destaca Andr\u00e9 Amaral, t\u00e9cnico da vigil\u00e2ncia sanit\u00e1ria e que atua na fiscaliza\u00e7\u00e3o do A\u00e7ougue e matadouro p\u00fablico. <\/font><font size=\"3\" face=\"Arial\">\u201cDurante o governo do prefeito Ricardo Alves, n\u00f3s temos melhorado as condi\u00e7\u00f5es de trabalho no a\u00e7ougue e proporcionando um ambiente livre de odores, o que \u00e9 bom para os machantes e para a popula\u00e7\u00e3o consumidora. Temos um espa\u00e7o pr\u00f3prio para higieniza\u00e7\u00e3o dos machantes e as v\u00edsceras que eram jogadas na porta dos banheiros, agora s\u00e3o encaminhadas para recipientes apropriados e n\u00e3o deixam mal cheiro no a\u00e7ougue\u201d, lembra Andr\u00e9.<\/font> <\/p>\n<p align=\"justify\"><a href=\"http:\/\/www.saloanoticias.com\/images\/desfileaa-04_143c3e7edafc1fccf91beef1da753b27.jpg\"><img loading=\"lazy\" decoding=\"async\" title=\"desfileAA 04\" style=\"border-top: 0px; border-right: 0px; background-image: none; border-bottom: 0px; float: none; padding-top: 0px; padding-left: 0px; margin: 10px auto; border-left: 0px; display: block; padding-right: 0px\" border=\"0\" alt=\"desfileAA 04\" src=\"http:\/\/www.saloanoticias.com\/v1\/wp-content\/uploads\/imagens\/desfileaa-04_thumb_32ce8b36c7cf72f6618a1445b8e104db.jpg\" width=\"577\" height=\"433\"><\/a> <\/p>\n<p align=\"justify\"><font size=\"3\" face=\"Arial\">O a\u00e7ougue p\u00fablico de Salo\u00e1 comercializa por semana 50 bovinos, al\u00e9m de caprinos e su\u00ednos. Todos os animais s\u00e3o inspecionados garantindo uma carne de qualidade e evitando a entrada de animais n\u00e3o saud\u00e1veis. S\u00e3o 70 boxes para atendimento ao p\u00fablico, sanit\u00e1rios masculino e feminino, sala de higieniza\u00e7\u00e3o e almoxarifado.<\/font> <\/p>\n<p align=\"justify\"><font size=\"3\" face=\"Arial Black\">Fonte&nbsp; &#8211;&nbsp; Ascom\/Prefeitura de Salo\u00e1\/PE<\/font><\/p>\n<div style=\"margin-top: 0px; margin-bottom: 0px;\" class=\"sharethis-inline-share-buttons\" ><\/div>","protected":false},"excerpt":{"rendered":"<p>O A\u00e7ougue P\u00fablico de Salo\u00e1, tem se destacado pela organiza\u00e7\u00e3o e limpeza. O ambiente, que funciona praticamente durante toda a semana, comercializa carnes de bovinos, caprinos e su\u00ednos, tem sido cuidado com primor pelo Governo Municipal. Tr\u00eas funcion\u00e1rios realizam diariamente a higieniza\u00e7\u00e3o do recinto, e a cada 15 dias feitas pulveriza\u00e7\u00f5es para combater moscas e [&hellip;]<\/p>\n","protected":false},"author":1,"featured_media":0,"comment_status":"open","ping_status":"open","sticky":false,"template":"","format":"standard","meta":{"footnotes":""},"categories":[2],"tags":[],"class_list":["post-665","post","type-post","status-publish","format-standard","hentry","category-noticias-do-dia"],"_links":{"self":[{"href":"https:\/\/www.saloanoticias.com\/v1\/wp-json\/wp\/v2\/posts\/665","targetHints":{"allow":["GET"]}}],"collection":[{"href":"https:\/\/www.saloanoticias.com\/v1\/wp-json\/wp\/v2\/posts"}],"about":[{"href":"https:\/\/www.saloanoticias.com\/v1\/wp-json\/wp\/v2\/types\/post"}],"author":[{"embeddable":true,"href":"https:\/\/www.saloanoticias.com\/v1\/wp-json\/wp\/v2\/users\/1"}],"replies":[{"embeddable":true,"href":"https:\/\/www.saloanoticias.com\/v1\/wp-json\/wp\/v2\/comments?post=665"}],"version-history":[{"count":0,"href":"https:\/\/www.saloanoticias.com\/v1\/wp-json\/wp\/v2\/posts\/665\/revisions"}],"wp:attachment":[{"href":"https:\/\/www.saloanoticias.com\/v1\/wp-json\/wp\/v2\/media?parent=665"}],"wp:term":[{"taxonomy":"category","embeddable":true,"href":"https:\/\/www.saloanoticias.com\/v1\/wp-json\/wp\/v2\/categories?post=665"},{"taxonomy":"post_tag","embeddable":true,"href":"https:\/\/www.saloanoticias.com\/v1\/wp-json\/wp\/v2\/tags?post=665"}],"curies":[{"name":"wp","href":"https:\/\/api.w.org\/{rel}","templated":true}]}}