{"id":664,"date":"2014-02-19T12:29:03","date_gmt":"2014-02-19T12:29:03","guid":{"rendered":"https:\/\/saloanoticias.mrmediaweb.com\/v1\/2014\/02\/19\/vereador-ronaldinho-birunda-recebe-premio-destaque-2013\/"},"modified":"2014-02-19T12:29:03","modified_gmt":"2014-02-19T12:29:03","slug":"vereador-ronaldinho-birunda-recebe-premio-destaque-2013","status":"publish","type":"post","link":"https:\/\/www.saloanoticias.com\/v1\/vereador-ronaldinho-birunda-recebe-premio-destaque-2013\/","title":{"rendered":"VEREADOR RONALDINHO BIRUNDA RECEBE PR\u00caMIO DESTAQUE 2013"},"content":{"rendered":"<p align=\"justify\"><font size=\"3\" face=\"Arial\"><a href=\"http:\/\/www.saloanoticias.com\/images\/ronaldinho_1eeebfbc6aff7de5f428d0fd2f0c9667.jpg\"><img loading=\"lazy\" decoding=\"async\" title=\"Ronaldinho\" style=\"border-top: 0px; border-right: 0px; background-image: none; border-bottom: 0px; float: none; padding-top: 0px; padding-left: 0px; margin: 0px auto 10px; border-left: 0px; display: block; padding-right: 0px\" border=\"0\" alt=\"Ronaldinho\" src=\"http:\/\/www.saloanoticias.com\/v1\/wp-content\/uploads\/imagens\/ronaldinho_thumb_66003302635b82b1e8708aa225d47491.jpg\" width=\"590\" height=\"391\"><\/a>Outra personalidade homenageada com o pr\u00eamio destaque 2013 no munic\u00edpio de Salo\u00e1 foi o vereador e presidente da c\u00e2mara dos vereadores, o jovem Ronaldo Alves, mais conhecido na cidade como Ronaldinho Birunda. Segundo a pesquisa feita pelo Instituto Destaques, realizada no \u00faltimo m\u00eas de janeiro de 2014, o vereador foi citado como o mais atuante e sua gest\u00e3o \u00e0 frente do legislativo municipal tem sido destacada com sendo muito seria e comprometida com sua popula\u00e7\u00e3o.<\/font><\/p>\n<p align=\"justify\"><font size=\"3\" face=\"Arial\">Segundo o vereador, \u201co pr\u00eamio revela o que a popula\u00e7\u00e3o observa sobre as autoridades, personalidades, institui\u00e7\u00f5es e empresas. Devemos sempre dar o melhor de n\u00f3s para que as coisas sejam feitas com respeito e dilig\u00eancia e assim, sejamos reconhecidos pela popula\u00e7\u00e3o, disse\u201d.<\/font><\/p>\n<div style=\"margin-top: 0px; margin-bottom: 0px;\" class=\"sharethis-inline-share-buttons\" ><\/div>","protected":false},"excerpt":{"rendered":"<p>Outra personalidade homenageada com o pr\u00eamio destaque 2013 no munic\u00edpio de Salo\u00e1 foi o vereador e presidente da c\u00e2mara dos vereadores, o jovem Ronaldo Alves, mais conhecido na cidade como Ronaldinho Birunda. Segundo a pesquisa feita pelo Instituto Destaques, realizada no \u00faltimo m\u00eas de janeiro de 2014, o vereador foi citado como o mais atuante [&hellip;]<\/p>\n","protected":false},"author":1,"featured_media":0,"comment_status":"open","ping_status":"open","sticky":false,"template":"","format":"standard","meta":{"footnotes":""},"categories":[2],"tags":[],"class_list":["post-664","post","type-post","status-publish","format-standard","hentry","category-noticias-do-dia"],"_links":{"self":[{"href":"https:\/\/www.saloanoticias.com\/v1\/wp-json\/wp\/v2\/posts\/664","targetHints":{"allow":["GET"]}}],"collection":[{"href":"https:\/\/www.saloanoticias.com\/v1\/wp-json\/wp\/v2\/posts"}],"about":[{"href":"https:\/\/www.saloanoticias.com\/v1\/wp-json\/wp\/v2\/types\/post"}],"author":[{"embeddable":true,"href":"https:\/\/www.saloanoticias.com\/v1\/wp-json\/wp\/v2\/users\/1"}],"replies":[{"embeddable":true,"href":"https:\/\/www.saloanoticias.com\/v1\/wp-json\/wp\/v2\/comments?post=664"}],"version-history":[{"count":0,"href":"https:\/\/www.saloanoticias.com\/v1\/wp-json\/wp\/v2\/posts\/664\/revisions"}],"wp:attachment":[{"href":"https:\/\/www.saloanoticias.com\/v1\/wp-json\/wp\/v2\/media?parent=664"}],"wp:term":[{"taxonomy":"category","embeddable":true,"href":"https:\/\/www.saloanoticias.com\/v1\/wp-json\/wp\/v2\/categories?post=664"},{"taxonomy":"post_tag","embeddable":true,"href":"https:\/\/www.saloanoticias.com\/v1\/wp-json\/wp\/v2\/tags?post=664"}],"curies":[{"name":"wp","href":"https:\/\/api.w.org\/{rel}","templated":true}]}}