{"id":663,"date":"2014-02-19T11:55:46","date_gmt":"2014-02-19T11:55:46","guid":{"rendered":"https:\/\/saloanoticias.mrmediaweb.com\/v1\/2014\/02\/19\/previa-carnavalesca-do-com-ciencia-na-cabeca-e-frevo-no-pe-chega-ao-interior\/"},"modified":"2014-02-19T11:55:46","modified_gmt":"2014-02-19T11:55:46","slug":"previa-carnavalesca-do-com-ciencia-na-cabeca-e-frevo-no-pe-chega-ao-interior","status":"publish","type":"post","link":"https:\/\/www.saloanoticias.com\/v1\/previa-carnavalesca-do-com-ciencia-na-cabeca-e-frevo-no-pe-chega-ao-interior\/","title":{"rendered":"PR\u00c9VIA DO \u201cCOM CI\u00caNCIA NA CABE\u00c7A E FREVO NO P\u00c9\u201d CHEGA AO INTERIOR"},"content":{"rendered":"<p align=\"justify\"><font size=\"3\" face=\"Arial\"><a href=\"http:\/\/www.saloanoticias.com\/images\/cartaz-com-sbpc.jpg\"><img loading=\"lazy\" decoding=\"async\" title=\"cartaz com sbpc\" style=\"border-top: 0px; border-right: 0px; background-image: none; border-bottom: 0px; float: none; padding-top: 0px; padding-left: 0px; margin: 0px auto 10px; border-left: 0px; display: block; padding-right: 0px\" border=\"0\" alt=\"cartaz com sbpc\" src=\"http:\/\/www.saloanoticias.com\/v1\/wp-content\/uploads\/imagens\/cartaz-com-sbpc_thumb.jpg\" width=\"549\" height=\"348\"><\/a>A primeira tro\u00e7a carnavalesca de ci\u00eancia foi criada com o prop\u00f3sito de divulga\u00e7\u00e3o da ci\u00eancia em 2005, oriunda da parceria entre: a SBPC (Sociedade Brasileira para o Progresso da Ci\u00eancia), CECINE, Espa\u00e7o Ci\u00eancia, Prefeituras de Recife e Olinda, dentre outros \u00f3rg\u00e3os, teve seu primeiro desfile durante o encerramento de uma reuni\u00e3o regional da SBPC em Recife que coincidiu com a semana pr\u00e9-carnavalesca no campus da UFPE (Universidade Federal de Pernambuco) com a participa\u00e7\u00e3o de: Frevioca, Rei Mono, Rainha do Carnaval e tendo como o primeiro boneco da tro\u00e7a &#8211; Albert Einstein, pois era o ano do centen\u00e1rio da teoria da relatividade.<\/font> <\/p>\n<p align=\"justify\"><font size=\"3\" face=\"Arial\">A escolha do nome foi feita por meio de um concurso via internet realizado pela secretaria regional da SBPC em Pernambuco, no qual mais de 200 internautas nacionais e internacionais votaram nos aproximadamente 30 nomes sugeridos. No ano seguinte, j\u00e1 com o nome da tro\u00e7a escolhido \u201cCom Ci\u00eancia na Cabe\u00e7a e o Frevo no P\u00e9\u201d, houve o desfile oficial no Recife Antigo em 22 de fevereiro de 2006. <\/font><font size=\"3\" face=\"Arial\">A cada ano um cientista \u00e9 homenageado com boneco-gigante como: Albert Einstein; Galileu Galilei; Marie Curie; Leite Lopes; Milton Santos; Charles Darwin; Paulo Freire; C\u00e9sar Lattes; Na\u00edde Teod\u00f3sio, dentre outros sempre levando alegria e folia pelas ruas de Olinda e Recife durante as pr\u00e9vias carnavalescas.<\/font> <\/p>\n<p align=\"justify\"><font size=\"3\" face=\"Arial\">Desde 2005, alguns desses bonecos s\u00e3o levados para reuni\u00f5es anuais da SBPC, estando presente na Confer\u00eancia RIO + 20 e j\u00e1 foram ilustrados em um cart\u00e3o natalino da Uni\u00e3o Europeia de Ci\u00eancias. <\/font><font size=\"3\" face=\"Arial\">Quebrando a tradi\u00e7\u00e3o desse percurso de Recife e Olinda, pela primeira vez na hist\u00f3ria, a tro\u00e7a ir\u00e1 ao interior pernambucano na quarta-feira que antecede o carnaval (dia 26 deste m\u00eas) como uma pol\u00edtica de interioriza\u00e7\u00e3o dos programas de divulga\u00e7\u00e3o cient\u00edfica atrav\u00e9s da articula\u00e7\u00e3o entre Coordena\u00e7\u00e3o do Projovem Urbano (PJU) do Agreste Meridional, Universidade Federal Rural de Pernambuco &#8211; UFRPE\/UAG e Espa\u00e7o Ci\u00eancia, com apoio de: Secretaria de Cultura de Garanhuns, ADUFERPE e SBPC.<\/font> <\/p>\n<p align=\"justify\"><font size=\"3\" face=\"Arial\">Outra novidade para 2014 ser\u00e1 o boneco de Ricardo Ferreira que estrear\u00e1 na tro\u00e7a cient\u00edfica, fazendo companhia aos veteranos bonecos citados acima, e ainda o foli\u00e3o contar\u00e1 com a apresenta\u00e7\u00e3o dos bonecos do Bloco de Z\u00e9 Puluca (vindo diretamente da cidade de Bom Conselho). <\/font><font size=\"3\" face=\"Arial\">O trajeto ser\u00e1 da seguinte forma: concentra\u00e7\u00e3o realizada \u00e0s 15h30 na UFRPE \u2013 UAG, indo se reunir com os estudantes e comunidade local na Escola Municipal Artur Maia (uma das escolas que funciona o PJU em Garanhuns) descendo at\u00e9 o centro para finalizar no Espa\u00e7o Colunata (em frente a Ferreira Costa) com muito frevo e anima\u00e7\u00e3o.<\/font> <\/p>\n<p align=\"justify\"><font size=\"3\" face=\"Arial\">Venha fazer parte desta festa cultural !!!<\/font> <\/p>\n<p align=\"justify\"><font size=\"3\" face=\"Arial Black\">TEXTO: Amanda Maciel (Coordena\u00e7\u00e3o Pedag\u00f3gica do Projovem Urbano do Agreste Meridional)<\/font><\/p>\n<div style=\"margin-top: 0px; margin-bottom: 0px;\" class=\"sharethis-inline-share-buttons\" ><\/div>","protected":false},"excerpt":{"rendered":"<p>A primeira tro\u00e7a carnavalesca de ci\u00eancia foi criada com o prop\u00f3sito de divulga\u00e7\u00e3o da ci\u00eancia em 2005, oriunda da parceria entre: a SBPC (Sociedade Brasileira para o Progresso da Ci\u00eancia), CECINE, Espa\u00e7o Ci\u00eancia, Prefeituras de Recife e Olinda, dentre outros \u00f3rg\u00e3os, teve seu primeiro desfile durante o encerramento de uma reuni\u00e3o regional da SBPC em [&hellip;]<\/p>\n","protected":false},"author":1,"featured_media":0,"comment_status":"open","ping_status":"open","sticky":false,"template":"","format":"standard","meta":{"footnotes":""},"categories":[2],"tags":[],"class_list":["post-663","post","type-post","status-publish","format-standard","hentry","category-noticias-do-dia"],"_links":{"self":[{"href":"https:\/\/www.saloanoticias.com\/v1\/wp-json\/wp\/v2\/posts\/663","targetHints":{"allow":["GET"]}}],"collection":[{"href":"https:\/\/www.saloanoticias.com\/v1\/wp-json\/wp\/v2\/posts"}],"about":[{"href":"https:\/\/www.saloanoticias.com\/v1\/wp-json\/wp\/v2\/types\/post"}],"author":[{"embeddable":true,"href":"https:\/\/www.saloanoticias.com\/v1\/wp-json\/wp\/v2\/users\/1"}],"replies":[{"embeddable":true,"href":"https:\/\/www.saloanoticias.com\/v1\/wp-json\/wp\/v2\/comments?post=663"}],"version-history":[{"count":0,"href":"https:\/\/www.saloanoticias.com\/v1\/wp-json\/wp\/v2\/posts\/663\/revisions"}],"wp:attachment":[{"href":"https:\/\/www.saloanoticias.com\/v1\/wp-json\/wp\/v2\/media?parent=663"}],"wp:term":[{"taxonomy":"category","embeddable":true,"href":"https:\/\/www.saloanoticias.com\/v1\/wp-json\/wp\/v2\/categories?post=663"},{"taxonomy":"post_tag","embeddable":true,"href":"https:\/\/www.saloanoticias.com\/v1\/wp-json\/wp\/v2\/tags?post=663"}],"curies":[{"name":"wp","href":"https:\/\/api.w.org\/{rel}","templated":true}]}}