{"id":661,"date":"2014-02-18T15:49:12","date_gmt":"2014-02-18T15:49:12","guid":{"rendered":"https:\/\/saloanoticias.mrmediaweb.com\/v1\/2014\/02\/18\/saloa-apresenta-mais-dois-seminaristas-a-diocese\/"},"modified":"2014-02-18T15:49:12","modified_gmt":"2014-02-18T15:49:12","slug":"saloa-apresenta-mais-dois-seminaristas-a-diocese","status":"publish","type":"post","link":"https:\/\/www.saloanoticias.com\/v1\/saloa-apresenta-mais-dois-seminaristas-a-diocese\/","title":{"rendered":"SALO\u00c1 TEM MAIS DOIS SEMINARISTAS NA DIOCESE DE GARANHUNS"},"content":{"rendered":"<p align=\"justify\"><font size=\"3\" face=\"Arial\"><a href=\"http:\/\/www.saloanoticias.com\/images\/desfilepropedutico-03_d2affd064e2cd49a6f3154cf3cd40d17.jpg\"><img loading=\"lazy\" decoding=\"async\" title=\"desfileProped&ecirc;utico 03\" style=\"border-top: 0px; border-right: 0px; background-image: none; border-bottom: 0px; float: none; padding-top: 0px; padding-left: 0px; margin: 0px auto 10px; border-left: 0px; display: block; padding-right: 0px\" border=\"0\" alt=\"desfileProped&ecirc;utico 03\" src=\"http:\/\/www.saloanoticias.com\/v1\/wp-content\/uploads\/imagens\/desfilepropedutico-03_thumb_4fc0375ff00f22964402bd7697628594.jpg\" width=\"548\" height=\"411\"><\/a>A Igreja Cat\u00f3lica realizou na noite desta segunda feira (17), a abertura do Semin\u00e1rio Proped\u00eautico de Garanhuns. Proped\u00eautico \u00e9 o nome que a igreja d\u00e1 \u00e0 prepara\u00e7\u00e3o inicial para a forma\u00e7\u00e3o dos padres. O Semin\u00e1rio S\u00e3o Jos\u00e9, recebeu 15 jovens seminaristas, das cidades de Bom Conselho, Caruaru, Cal\u00e7ado, Garanhuns, lajedo, Salgueiro, S\u00e3o Bento do Una e Salo\u00e1. Tr\u00eas Dioceses se uniram para realizar uma forma\u00e7\u00e3o intensa dos escolhidos. Al\u00e9m de Garanhuns, as Dioceses de Caruaru e Salgueiro.<\/font> <\/p>\n<p align=\"justify\"><a href=\"http:\/\/www.saloanoticias.com\/images\/desfilepropedutico-02.jpg\"><img loading=\"lazy\" decoding=\"async\" title=\"desfileProped&ecirc;utico 02\" style=\"border-top: 0px; border-right: 0px; background-image: none; border-bottom: 0px; float: none; padding-top: 0px; padding-left: 0px; margin: 10px auto; border-left: 0px; display: block; padding-right: 0px\" border=\"0\" alt=\"desfileProped&ecirc;utico 02\" src=\"http:\/\/www.saloanoticias.com\/v1\/wp-content\/uploads\/imagens\/desfilepropedutico-02_thumb.jpg\" width=\"547\" height=\"410\"><\/a> <\/p>\n<p align=\"justify\"><font size=\"3\" face=\"Arial\">Foi uma segunda-feira hist\u00f3rica para a Igreja, pois havia algum tempo que o Semin\u00e1rio n\u00e3o recebia um contingente t\u00e3o grande. Apenas dois seminaristas estavam sendo preparados pela Igreja em Garanhuns, os quais se juntam aos novatos para um ano de estudo. Ap\u00f3s o proped\u00eautico eles seguir\u00e3o para a segunda fase do Semin\u00e1rio que \u00e9 o estudo de Filosofia (4 anos) e posteriormente Teologia (mais 4 anos). <\/font><font size=\"3\" face=\"Arial\">Salo\u00e1 tem dois futuros padres: Paulo S\u00e9rgio (Serginho) e Pedro Eduardo.<\/font> <\/p>\n<p align=\"justify\"><a href=\"http:\/\/www.saloanoticias.com\/images\/desfilepropedutico-01.jpg\"><img loading=\"lazy\" decoding=\"async\" title=\"desfileProped&ecirc;utico 01\" style=\"border-top: 0px; border-right: 0px; background-image: none; border-bottom: 0px; float: none; padding-top: 0px; padding-left: 0px; margin: 10px auto; border-left: 0px; display: block; padding-right: 0px\" border=\"0\" alt=\"desfileProped&ecirc;utico 01\" src=\"http:\/\/www.saloanoticias.com\/v1\/wp-content\/uploads\/imagens\/desfilepropedutico-01_thumb.jpg\" width=\"545\" height=\"409\"><\/a> <\/p>\n<p align=\"justify\"><font size=\"3\" face=\"Arial\">Os dois j\u00e1 participavam de encontros vocacionais e tinham intensa atividade na par\u00f3quia de S\u00e3o Vicente. Neste momento eles deixam para traz o conforto de suas fam\u00edlias para uma vida de partilha com seus irm\u00e3os seminaristas. No Semin\u00e1rio \u00e9 tudo \u00e9 comunit\u00e1rio, inclusive as tarefas dom\u00e9sticas do dia-a-dia. Eles ter\u00e3o que lavar suas pr\u00f3prias roupas, cozinhar, arrumar a casa e todo servi\u00e7o dom\u00e9stico necess\u00e1rio. <\/font><font size=\"3\" face=\"Arial\">O padre Alo\u00edzio Coleta, reitor do Semin\u00e1rio Proped\u00eautico, acolheu os seminaristas lembrando que ter\u00e3o pela frente um ano de muito estudo e muita avalia\u00e7\u00e3o vocacional.<\/font> <\/p>\n<p align=\"justify\"><font size=\"3\" face=\"Arial\">Mesmo estando no semin\u00e1rio eles ser\u00e3o acompanhados, inclusive por psic\u00f3logos e ao final do proped\u00eautico saber\u00e3o realmente de suas voca\u00e7\u00f5es. Segundo o Reitor, este ano a forma\u00e7\u00e3o dos seminaristas ser\u00e1 mais intensa, tendo em vista o n\u00famero e principalmente a participa\u00e7\u00e3o de outras Dioceses. <\/font><font size=\"3\" face=\"Arial\">O Bispo Diocesano, Dom Fernando Guimar\u00e3es, que presidiu a celebra\u00e7\u00e3o de abertura do Semin\u00e1rio, destacou a preocupa\u00e7\u00e3o que tem com uma forma\u00e7\u00e3o eficiente e rigorosa. \u201cN\u00f3s estamos investindo muito no Semin\u00e1rio.<\/font> <\/p>\n<p align=\"justify\"><font size=\"3\" face=\"Arial\">Eu mesmo fa\u00e7o encontro mensal com cada um deles. O Semin\u00e1rio \u00e9 sempre a menina dos olhos do bispo, pois \u00e9 sementeira, onde estamos plantando os padres de amanh\u00e3. Os padres de amanh\u00e3 ser\u00e3o aqueles jovens bem educados, bem formados, bem amadurecidos no semin\u00e1rio. Estamos investindo no futuro da igreja\u201d. Disse Dom Fernando.<\/font><\/p>\n<div style=\"margin-top: 0px; margin-bottom: 0px;\" class=\"sharethis-inline-share-buttons\" ><\/div>","protected":false},"excerpt":{"rendered":"<p>A Igreja Cat\u00f3lica realizou na noite desta segunda feira (17), a abertura do Semin\u00e1rio Proped\u00eautico de Garanhuns. Proped\u00eautico \u00e9 o nome que a igreja d\u00e1 \u00e0 prepara\u00e7\u00e3o inicial para a forma\u00e7\u00e3o dos padres. O Semin\u00e1rio S\u00e3o Jos\u00e9, recebeu 15 jovens seminaristas, das cidades de Bom Conselho, Caruaru, Cal\u00e7ado, Garanhuns, lajedo, Salgueiro, S\u00e3o Bento do Una [&hellip;]<\/p>\n","protected":false},"author":1,"featured_media":0,"comment_status":"open","ping_status":"open","sticky":false,"template":"","format":"standard","meta":{"footnotes":""},"categories":[2],"tags":[],"class_list":["post-661","post","type-post","status-publish","format-standard","hentry","category-noticias-do-dia"],"_links":{"self":[{"href":"https:\/\/www.saloanoticias.com\/v1\/wp-json\/wp\/v2\/posts\/661","targetHints":{"allow":["GET"]}}],"collection":[{"href":"https:\/\/www.saloanoticias.com\/v1\/wp-json\/wp\/v2\/posts"}],"about":[{"href":"https:\/\/www.saloanoticias.com\/v1\/wp-json\/wp\/v2\/types\/post"}],"author":[{"embeddable":true,"href":"https:\/\/www.saloanoticias.com\/v1\/wp-json\/wp\/v2\/users\/1"}],"replies":[{"embeddable":true,"href":"https:\/\/www.saloanoticias.com\/v1\/wp-json\/wp\/v2\/comments?post=661"}],"version-history":[{"count":0,"href":"https:\/\/www.saloanoticias.com\/v1\/wp-json\/wp\/v2\/posts\/661\/revisions"}],"wp:attachment":[{"href":"https:\/\/www.saloanoticias.com\/v1\/wp-json\/wp\/v2\/media?parent=661"}],"wp:term":[{"taxonomy":"category","embeddable":true,"href":"https:\/\/www.saloanoticias.com\/v1\/wp-json\/wp\/v2\/categories?post=661"},{"taxonomy":"post_tag","embeddable":true,"href":"https:\/\/www.saloanoticias.com\/v1\/wp-json\/wp\/v2\/tags?post=661"}],"curies":[{"name":"wp","href":"https:\/\/api.w.org\/{rel}","templated":true}]}}