{"id":660,"date":"2014-02-18T00:24:58","date_gmt":"2014-02-18T00:24:58","guid":{"rendered":"https:\/\/saloanoticias.mrmediaweb.com\/v1\/2014\/02\/18\/danilo-cabral-deve-ser-o-escolhido-de-eduardo\/"},"modified":"2014-02-18T00:24:58","modified_gmt":"2014-02-18T00:24:58","slug":"danilo-cabral-deve-ser-o-escolhido-de-eduardo","status":"publish","type":"post","link":"https:\/\/www.saloanoticias.com\/v1\/danilo-cabral-deve-ser-o-escolhido-de-eduardo\/","title":{"rendered":"DANILO DEVE SER ANUNCIADO COMO O ESCOLHIDO DE EDUARDO CAMPOS"},"content":{"rendered":"<p align=\"justify\"><font size=\"3\" face=\"Arial\"><font face=\"Arial Black\"><a href=\"http:\/\/www.saloanoticias.com\/images\/danilo3_1a53c03e433487ee69acabe053757982.jpg\"><img loading=\"lazy\" decoding=\"async\" title=\"Danilo3\" style=\"border-top: 0px; border-right: 0px; background-image: none; border-bottom: 0px; float: none; padding-top: 0px; padding-left: 0px; margin: 0px auto 10px; border-left: 0px; display: block; padding-right: 0px\" border=\"0\" alt=\"Danilo3\" src=\"http:\/\/www.saloanoticias.com\/v1\/wp-content\/uploads\/imagens\/danilo3_thumb_5eb90b4875caf2469dcce01f4fd5eb5d.jpg\" width=\"524\" height=\"443\"><\/a>DO BLOG DO MAGNO MARTINS<\/font>&nbsp; &#8211;&nbsp; Hoje, este blog teve as mais diferentes indica\u00e7\u00f5es da escolha realizada por Eduardo Campos: o nome para concorrer ao Governo do Estado pelo PSB \u00e9 mesmo o do secret\u00e1rio de Cidades, Danilo Cabral. <font face=\"Arial Black\">Os crit\u00e9rios avaliados:<\/font> um pol\u00edtico profissional com vitoriosas campanhas pol\u00edticas para vereador do Recife e deputado federal; ampla experi\u00eancia como executivo municipal e estadual, al\u00e9m de ter sido diretor-geral do Tribunal de Contas do Estado. E mais: fortes liga\u00e7\u00f5es com o grupo de Eduardo; circula bem entre as elites empresariais do Estado; vem de uma fam\u00edlia tradicional de pol\u00edticos; conhece profundamente o Interior e a capital; \u00e9 independente, mas tem longa hist\u00f3ria no PSB, na verdade desde 1990.<\/font><\/p>\n<p align=\"justify\"><font size=\"3\" face=\"Arial\"><a href=\"http:\/\/www.saloanoticias.com\/images\/danilo4_edb037629d6fb4d912a1bd9c29d9334a.jpg\"><img loading=\"lazy\" decoding=\"async\" title=\"Danilo4\" style=\"border-top: 0px; border-right: 0px; background-image: none; border-bottom: 0px; float: none; padding-top: 0px; padding-left: 0px; margin: 10px auto; border-left: 0px; display: block; padding-right: 0px\" border=\"0\" alt=\"Danilo4\" src=\"http:\/\/www.saloanoticias.com\/v1\/wp-content\/uploads\/imagens\/danilo4_thumb_7a0bd53b7d88c5ac81d0c1b24f855b05.jpg\" width=\"528\" height=\"396\"><\/a><font face=\"Arial Black\">Um ponto adicional que foi determinante:<\/font> n\u00e3o tem liga\u00e7\u00e3o familiar com Eduardo, em contraste com Maur\u00edcio Rands, Paulo C\u00e2mara e Tadeu Alencar. E isso estava incomodando muito o governador. Na realidade, Danilo Cabral foi escolhido tamb\u00e9m por exclus\u00e3o e este fato de n\u00e3o ter qualquer rela\u00e7\u00e3o familiar com Eduardo teve um peso definidor. Tive not\u00edcias de que Eduardo Campos conversou sobre esta alternativa com diversos interlocutores durante o final de semana, mas ainda n\u00e3o fez nenhuma comunica\u00e7\u00e3o formal a ningu\u00e9m. As piores rea\u00e7\u00f5es ser\u00e3o de Jo\u00e3o Lyra e de Fernando Bezerra Coelho, mas naturalmente que a tristeza vai bater forte em Rands, C\u00e2mara e Tadeu. Faz parte do processo e da vida pol\u00edtica.<\/font><\/p>\n<div style=\"margin-top: 0px; margin-bottom: 0px;\" class=\"sharethis-inline-share-buttons\" ><\/div>","protected":false},"excerpt":{"rendered":"<p>DO BLOG DO MAGNO MARTINS&nbsp; &#8211;&nbsp; Hoje, este blog teve as mais diferentes indica\u00e7\u00f5es da escolha realizada por Eduardo Campos: o nome para concorrer ao Governo do Estado pelo PSB \u00e9 mesmo o do secret\u00e1rio de Cidades, Danilo Cabral. Os crit\u00e9rios avaliados: um pol\u00edtico profissional com vitoriosas campanhas pol\u00edticas para vereador do Recife e deputado [&hellip;]<\/p>\n","protected":false},"author":1,"featured_media":0,"comment_status":"open","ping_status":"open","sticky":false,"template":"","format":"standard","meta":{"footnotes":""},"categories":[2],"tags":[],"class_list":["post-660","post","type-post","status-publish","format-standard","hentry","category-noticias-do-dia"],"_links":{"self":[{"href":"https:\/\/www.saloanoticias.com\/v1\/wp-json\/wp\/v2\/posts\/660","targetHints":{"allow":["GET"]}}],"collection":[{"href":"https:\/\/www.saloanoticias.com\/v1\/wp-json\/wp\/v2\/posts"}],"about":[{"href":"https:\/\/www.saloanoticias.com\/v1\/wp-json\/wp\/v2\/types\/post"}],"author":[{"embeddable":true,"href":"https:\/\/www.saloanoticias.com\/v1\/wp-json\/wp\/v2\/users\/1"}],"replies":[{"embeddable":true,"href":"https:\/\/www.saloanoticias.com\/v1\/wp-json\/wp\/v2\/comments?post=660"}],"version-history":[{"count":0,"href":"https:\/\/www.saloanoticias.com\/v1\/wp-json\/wp\/v2\/posts\/660\/revisions"}],"wp:attachment":[{"href":"https:\/\/www.saloanoticias.com\/v1\/wp-json\/wp\/v2\/media?parent=660"}],"wp:term":[{"taxonomy":"category","embeddable":true,"href":"https:\/\/www.saloanoticias.com\/v1\/wp-json\/wp\/v2\/categories?post=660"},{"taxonomy":"post_tag","embeddable":true,"href":"https:\/\/www.saloanoticias.com\/v1\/wp-json\/wp\/v2\/tags?post=660"}],"curies":[{"name":"wp","href":"https:\/\/api.w.org\/{rel}","templated":true}]}}