{"id":657,"date":"2014-02-17T16:01:00","date_gmt":"2014-02-17T16:01:00","guid":{"rendered":"https:\/\/saloanoticias.mrmediaweb.com\/v1\/2014\/02\/17\/pacheco-neto-parabeniza-grupo-teatral-de-saloa\/"},"modified":"2014-02-17T16:01:00","modified_gmt":"2014-02-17T16:01:00","slug":"pacheco-neto-parabeniza-grupo-teatral-de-saloa","status":"publish","type":"post","link":"https:\/\/www.saloanoticias.com\/v1\/pacheco-neto-parabeniza-grupo-teatral-de-saloa\/","title":{"rendered":"PACHECO NETO PARABENIZA COLETIVO TEATRAL DE SALO\u00c1"},"content":{"rendered":"<p align=\"justify\"><font size=\"3\" face=\"Arial\"><a href=\"http:\/\/www.saloanoticias.com\/images\/pacheco-neto.jpg\"><img loading=\"lazy\" decoding=\"async\" title=\"Pacheco Neto\" style=\"border-left-width: 0px; border-right-width: 0px; background-image: none; border-bottom-width: 0px; float: left; padding-top: 0px; padding-left: 0px; margin: 5px 5px 0px 0px; display: inline; padding-right: 0px; border-top-width: 0px\" border=\"0\" alt=\"Pacheco Neto\" src=\"http:\/\/www.saloanoticias.com\/v1\/wp-content\/uploads\/imagens\/pacheco-neto_thumb.jpg\" width=\"247\" align=\"left\" height=\"262\"><\/a><font color=\"#000000\">Parab\u00e9ns aos atores de Jesus Sertanejo jovens sonhadores de Salo\u00e1 , que n\u00e3o desistem em face das dificuldades, mas sempre renovam suas for\u00e7as e alimentam a arte do teatro. Ao tempo em que os parabenizo por mais uma participa\u00e7\u00e3o vitoriosa (s\u00edmbolo de que deram o melhor de si) sinto-me bastante estimulado, a apostar cada vez mais no povo que temos, na certeza de que conseguiremos, sim, o futuro que sonhamos ! Nossa juventude Saloaense \u00e9 puro potencial ! \u201c O que n\u00f3s estamos vendo aqui, \u00e9 uma nova perspectiva a ser adotada por projetos culturais que usam o teatro para reintegrar jovens em verdadeiros cidad\u00e3os, \u00e9 preciso continuar esta oportunidade como diz a Secretaria de Educa\u00e7\u00e3o e Cultura a bela <\/font><\/font><a href=\"https:\/\/www.facebook.com\/josevalda.cavalcanti\"><font color=\"#000000\" size=\"3\" face=\"Arial\">Josevalda Cavalcanti<\/font><\/a><font color=\"#000000\" size=\"3\" face=\"Arial\">.<\/font><\/p>\n<p align=\"justify\"><font color=\"#000000\" size=\"3\" face=\"Arial\">Para dar continuidade a este bel\u00edssimo trabalho que vem desenvolvendo em Salo\u00e1, O servi\u00e7o prestado pelo Coletivo Teatral de Salo\u00e1 serve para cria\u00e7\u00e3o e difus\u00e3o da cultura, desperta novas possibilidades, constitui um setor importante no processo cultural e nos programas de desenvolvimento comunit\u00e1rio, pode tamb\u00e9m contribuir para fazer da cria\u00e7\u00e3o e difus\u00e3o teatral uma forma de resgatar o ser humano da car\u00eancia em diversos aspectos. Parab\u00e9ns elenco <\/font><a href=\"https:\/\/www.facebook.com\/rogerio.barbosa.1806\"><font color=\"#000000\" size=\"3\" face=\"Arial\">Rog\u00e9rio Barbosa<\/font><\/a><font color=\"#000000\" size=\"3\" face=\"Arial\">, Samuel Barros, <\/font><a href=\"https:\/\/www.facebook.com\/martah.allves\"><font color=\"#000000\" size=\"3\" face=\"Arial\">Marta Alves<\/font><\/a><font color=\"#000000\" size=\"3\" face=\"Arial\">, <\/font><a href=\"https:\/\/www.facebook.com\/alisson.gil.5\"><font color=\"#000000\" size=\"3\" face=\"Arial\">Alisson Gil<\/font><\/a><font color=\"#000000\" size=\"3\" face=\"Arial\">, <\/font><a href=\"https:\/\/www.facebook.com\/lucas.sales.161009\"><font color=\"#000000\" size=\"3\" face=\"Arial\">Lucas Sales<\/font><\/a><font color=\"#000000\" size=\"3\" face=\"Arial\">,Henrique <\/font><a href=\"https:\/\/www.facebook.com\/hdantas3\"><font color=\"#000000\" size=\"3\" face=\"Arial\">Henrique Dantas<\/font><\/a><font color=\"#000000\" size=\"3\" face=\"Arial\">, <\/font><a href=\"https:\/\/www.facebook.com\/marcello.lyra.58\"><font color=\"#000000\" size=\"3\" face=\"Arial\">Marcello Lyra<\/font><\/a><font color=\"#000000\" size=\"3\" face=\"Arial\">, <\/font><a href=\"https:\/\/www.facebook.com\/ManuhSouto\"><font color=\"#000000\" size=\"3\" face=\"Arial\">Manuh Souto<\/font><\/a><font color=\"#000000\" size=\"3\" face=\"Arial\">, Germana Gama, <\/font><a href=\"https:\/\/www.facebook.com\/amanda.cadengue\"><font color=\"#000000\" size=\"3\" face=\"Arial\">Amanda Cadengue<\/font><\/a><font color=\"#000000\" size=\"3\" face=\"Arial\">, <\/font><a href=\"https:\/\/www.facebook.com\/mylena.souto\"><font color=\"#000000\" size=\"3\" face=\"Arial\">Mylena Souto<\/font><\/a><font color=\"#000000\" size=\"3\" face=\"Arial\">, <\/font><a href=\"https:\/\/www.facebook.com\/erika.fernanda.3597\"><font color=\"#000000\" size=\"3\" face=\"Arial\">Erika Souza<\/font><\/a><font color=\"#000000\" size=\"3\" face=\"Arial\">, <\/font><a href=\"https:\/\/www.facebook.com\/ewerton.silvestre\"><font color=\"#000000\" size=\"3\" face=\"Arial\">Ewerton Silvestre<\/font><\/a><font color=\"#000000\" size=\"3\" face=\"Arial\">, <\/font><a href=\"https:\/\/www.facebook.com\/gabriela.barros.146\"><font color=\"#000000\" size=\"3\" face=\"Arial\">Gabriela Barros<\/font><\/a><font color=\"#000000\" size=\"3\" face=\"Arial\">, <\/font><a href=\"https:\/\/www.facebook.com\/elizangela.santos.1481\"><font color=\"#000000\" size=\"3\" face=\"Arial\">Elizangela Santos<\/font><\/a><font color=\"#000000\" size=\"3\" face=\"Arial\">, <\/font><a href=\"https:\/\/www.facebook.com\/edson.gomes.4\"><font color=\"#000000\" size=\"3\" face=\"Arial\">Edson Gomes<\/font><\/a><font color=\"#000000\" size=\"3\" face=\"Arial\">, Myllena Lorrane, <\/font><a href=\"https:\/\/www.facebook.com\/evilson.barbosademelo\"><font color=\"#000000\" size=\"3\" face=\"Arial\">Evilson Barbosa<\/font><\/a><font color=\"#000000\" size=\"3\" face=\"Arial\"> , Junior, Douglas, Nathaya e Nathaly, em fim a todos do GP. Marcas do eterno, e nossos f\u00e3s <\/font><a href=\"https:\/\/www.facebook.com\/suzirlane.alves\"><font color=\"#000000\" size=\"3\" face=\"Arial\">Nany Alves<\/font><\/a><font color=\"#000000\" size=\"3\" face=\"Arial\">, <\/font><a href=\"https:\/\/www.facebook.com\/ivani.alves.92\"><font color=\"#000000\" size=\"3\" face=\"Arial\">Ivani Alves<\/font><\/a><font color=\"#000000\" size=\"3\" face=\"Arial\">, <\/font><a href=\"https:\/\/www.facebook.com\/geraldo.mouret\"><font color=\"#000000\" size=\"3\" face=\"Arial\">Geraldo Mouret<\/font><\/a><font color=\"#000000\" size=\"3\" face=\"Arial\">, <\/font><a href=\"https:\/\/www.facebook.com\/bruno.alison.7902\"><font color=\"#000000\" size=\"3\" face=\"Arial\">Bruno Alison<\/font><\/a><font color=\"#000000\" size=\"3\" face=\"Arial\">, <\/font><a href=\"https:\/\/www.facebook.com\/SaloaNoticias?ref=stream\"><font color=\"#000000\" size=\"3\" face=\"Arial\">SALO\u00c1 NOT\u00cdCIAS<\/font><\/a><font color=\"#000000\" size=\"3\" face=\"Arial\">, <\/font><a href=\"https:\/\/www.facebook.com\/dione.souza.123829\"><font color=\"#000000\" size=\"3\" face=\"Arial\">Dione Souza<\/font><\/a>,<font color=\"#000000\" size=\"3\" face=\"Arial\"> <\/font><a href=\"https:\/\/www.facebook.com\/paulomlins\"><font color=\"#000000\" size=\"3\" face=\"Arial\">Paulo Lins<\/font><\/a><font color=\"#000000\" size=\"3\" face=\"Arial\">, e Ricardo Alves (Prefeito).<\/font><\/p>\n<div style=\"margin-top: 0px; margin-bottom: 0px;\" class=\"sharethis-inline-share-buttons\" ><\/div>","protected":false},"excerpt":{"rendered":"<p>Parab\u00e9ns aos atores de Jesus Sertanejo jovens sonhadores de Salo\u00e1 , que n\u00e3o desistem em face das dificuldades, mas sempre renovam suas for\u00e7as e alimentam a arte do teatro. Ao tempo em que os parabenizo por mais uma participa\u00e7\u00e3o vitoriosa (s\u00edmbolo de que deram o melhor de si) sinto-me bastante estimulado, a apostar cada vez [&hellip;]<\/p>\n","protected":false},"author":1,"featured_media":0,"comment_status":"open","ping_status":"open","sticky":false,"template":"","format":"standard","meta":{"footnotes":""},"categories":[2],"tags":[],"class_list":["post-657","post","type-post","status-publish","format-standard","hentry","category-noticias-do-dia"],"_links":{"self":[{"href":"https:\/\/www.saloanoticias.com\/v1\/wp-json\/wp\/v2\/posts\/657","targetHints":{"allow":["GET"]}}],"collection":[{"href":"https:\/\/www.saloanoticias.com\/v1\/wp-json\/wp\/v2\/posts"}],"about":[{"href":"https:\/\/www.saloanoticias.com\/v1\/wp-json\/wp\/v2\/types\/post"}],"author":[{"embeddable":true,"href":"https:\/\/www.saloanoticias.com\/v1\/wp-json\/wp\/v2\/users\/1"}],"replies":[{"embeddable":true,"href":"https:\/\/www.saloanoticias.com\/v1\/wp-json\/wp\/v2\/comments?post=657"}],"version-history":[{"count":0,"href":"https:\/\/www.saloanoticias.com\/v1\/wp-json\/wp\/v2\/posts\/657\/revisions"}],"wp:attachment":[{"href":"https:\/\/www.saloanoticias.com\/v1\/wp-json\/wp\/v2\/media?parent=657"}],"wp:term":[{"taxonomy":"category","embeddable":true,"href":"https:\/\/www.saloanoticias.com\/v1\/wp-json\/wp\/v2\/categories?post=657"},{"taxonomy":"post_tag","embeddable":true,"href":"https:\/\/www.saloanoticias.com\/v1\/wp-json\/wp\/v2\/tags?post=657"}],"curies":[{"name":"wp","href":"https:\/\/api.w.org\/{rel}","templated":true}]}}