{"id":655,"date":"2014-02-16T13:19:05","date_gmt":"2014-02-16T13:19:05","guid":{"rendered":"https:\/\/saloanoticias.mrmediaweb.com\/v1\/2014\/02\/16\/genivaldo-menezes-pode-disputar-uma-vaga-na-alepe\/"},"modified":"2014-02-16T13:19:05","modified_gmt":"2014-02-16T13:19:05","slug":"genivaldo-menezes-pode-disputar-uma-vaga-na-alepe","status":"publish","type":"post","link":"https:\/\/www.saloanoticias.com\/v1\/genivaldo-menezes-pode-disputar-uma-vaga-na-alepe\/","title":{"rendered":"PREFEITO GENIVALDO MENEZES PODE DISPUTAR UMA VAGA NA ALEPE"},"content":{"rendered":"<p align=\"justify\"><font size=\"3\" face=\"Arial\"><a href=\"http:\/\/www.saloanoticias.com\/images\/genivaldo-4_18c36730471e6d3a44feca0390b5ffd5.jpg\"><img loading=\"lazy\" decoding=\"async\" title=\"genivaldo-4\" style=\"border-top: 0px; border-right: 0px; background-image: none; border-bottom: 0px; float: left; padding-top: 0px; padding-left: 0px; margin: 5px 5px 10px 0px; border-left: 0px; display: inline; padding-right: 0px\" border=\"0\" alt=\"genivaldo-4\" src=\"http:\/\/www.saloanoticias.com\/v1\/wp-content\/uploads\/imagens\/genivaldo-4_thumb_b0ccbf47098160b77a56ca302f115f61.jpg\" width=\"219\" align=\"left\" height=\"258\"><\/a>Tem crescido na regi\u00e3o do Agreste Meridional os coment\u00e1rios e especula\u00e7\u00f5es sobre uma poss\u00edvel entrada do atual prefeito de \u00c1guas Belas, <font face=\"Arial Narrow\"><font face=\"Arial\">Genivaldo Menezes Delgado<\/font>&nbsp;<\/font><font face=\"Arial\">(PT), na disputa por uma das vaga na ALEPE (Assembleia Legislativa de Pernambuco). Muitos analistas pol\u00edticos vem apostando numa parceria entre Genivaldo para estadual e Pedro Eug\u00eanio (PT) como federal. A possibilidade cresce devido a car\u00eancia de candidatos para deputado estadual na regi\u00e3o e, um dos poucos que ocupava uma cadeira na ALEPE, Iza\u00edas R\u00e9gis (PTB), hoje \u00e9 prefeito de Garanhuns\/PE.<\/font><\/font><\/p>\n<p align=\"justify\"><font size=\"3\" face=\"Arial\">O prefeito de \u00c1guas Belas vem recebendo elogios de todas as partes e seguimentos pelo bom trabalho realizado durante suas duas gest\u00f5es em seu munic\u00edpio e tem conseguido tudo o que quer junto ao PT no estado e tamb\u00e9m, a n\u00edvel federal. Genivaldo tem viajado sempre a Bras\u00edlia em busca de recursos e vem realizando a\u00e7\u00f5es expressivas para seu munic\u00edpio e nada mais conveniente para o Partido dos Trabalhadores em ter um candidato \u00e0 ALEPE na regi\u00e3o. O assunto ainda est\u00e1 na esfera das especula\u00e7\u00f5es e devemos esperar para saber o que de fato vai acontecer. Uma coisa \u00e9 certa, caso o prefeito de \u00c1guas Belas seja mesmo candidato, vai dar muita dor de cabe\u00e7a a seus concorrentes, pois, \u00e9 carism\u00e1tico e admirado por muitas lideran\u00e7as no Agreste.<\/font><\/p>\n<div style=\"margin-top: 0px; margin-bottom: 0px;\" class=\"sharethis-inline-share-buttons\" ><\/div>","protected":false},"excerpt":{"rendered":"<p>Tem crescido na regi\u00e3o do Agreste Meridional os coment\u00e1rios e especula\u00e7\u00f5es sobre uma poss\u00edvel entrada do atual prefeito de \u00c1guas Belas, Genivaldo Menezes Delgado&nbsp;(PT), na disputa por uma das vaga na ALEPE (Assembleia Legislativa de Pernambuco). Muitos analistas pol\u00edticos vem apostando numa parceria entre Genivaldo para estadual e Pedro Eug\u00eanio (PT) como federal. A possibilidade [&hellip;]<\/p>\n","protected":false},"author":1,"featured_media":0,"comment_status":"open","ping_status":"open","sticky":false,"template":"","format":"standard","meta":{"footnotes":""},"categories":[2],"tags":[],"class_list":["post-655","post","type-post","status-publish","format-standard","hentry","category-noticias-do-dia"],"_links":{"self":[{"href":"https:\/\/www.saloanoticias.com\/v1\/wp-json\/wp\/v2\/posts\/655","targetHints":{"allow":["GET"]}}],"collection":[{"href":"https:\/\/www.saloanoticias.com\/v1\/wp-json\/wp\/v2\/posts"}],"about":[{"href":"https:\/\/www.saloanoticias.com\/v1\/wp-json\/wp\/v2\/types\/post"}],"author":[{"embeddable":true,"href":"https:\/\/www.saloanoticias.com\/v1\/wp-json\/wp\/v2\/users\/1"}],"replies":[{"embeddable":true,"href":"https:\/\/www.saloanoticias.com\/v1\/wp-json\/wp\/v2\/comments?post=655"}],"version-history":[{"count":0,"href":"https:\/\/www.saloanoticias.com\/v1\/wp-json\/wp\/v2\/posts\/655\/revisions"}],"wp:attachment":[{"href":"https:\/\/www.saloanoticias.com\/v1\/wp-json\/wp\/v2\/media?parent=655"}],"wp:term":[{"taxonomy":"category","embeddable":true,"href":"https:\/\/www.saloanoticias.com\/v1\/wp-json\/wp\/v2\/categories?post=655"},{"taxonomy":"post_tag","embeddable":true,"href":"https:\/\/www.saloanoticias.com\/v1\/wp-json\/wp\/v2\/tags?post=655"}],"curies":[{"name":"wp","href":"https:\/\/api.w.org\/{rel}","templated":true}]}}