{"id":653,"date":"2014-02-15T15:45:21","date_gmt":"2014-02-15T15:45:21","guid":{"rendered":"https:\/\/saloanoticias.mrmediaweb.com\/v1\/2014\/02\/15\/jamelao-tem-contas-aprovadas-pelo-tce-pe\/"},"modified":"2014-02-15T15:45:21","modified_gmt":"2014-02-15T15:45:21","slug":"jamelao-tem-contas-aprovadas-pelo-tce-pe","status":"publish","type":"post","link":"https:\/\/www.saloanoticias.com\/v1\/jamelao-tem-contas-aprovadas-pelo-tce-pe\/","title":{"rendered":"JAMEL\u00c3O TEM CONTAS APROVADAS PELO TRIBUNAL DE CONTAS"},"content":{"rendered":"<p align=\"justify\"><font size=\"3\" face=\"Arial\"><a href=\"http:\/\/www.saloanoticias.com\/images\/jamelo.jpg\"><img loading=\"lazy\" decoding=\"async\" title=\"Jamel&atilde;o\" style=\"border-top: 0px; border-right: 0px; background-image: none; border-bottom: 0px; float: none; padding-top: 0px; padding-left: 0px; margin: 0px auto 10px; border-left: 0px; display: block; padding-right: 0px\" border=\"0\" alt=\"Jamel&atilde;o\" src=\"http:\/\/www.saloanoticias.com\/v1\/wp-content\/uploads\/imagens\/jamelo_thumb.jpg\" width=\"565\" height=\"424\"><\/a>O ex-presidente da c\u00e2mara dos vereadores de Salo\u00e1, <font face=\"Arial Black\">Jos\u00e9 Francisco Curvelo<\/font>, mais conhecido como <font face=\"Arial Black\">Jamel\u00e3o<\/font>, teve suas contas das gest\u00f5es 2009 e 2010 aprovadas pelo <font face=\"Arial Black\">TCE\/PE<\/font> <font face=\"Arial Black\">(Tribunal de Contas de Pernambuco)<\/font> em decis\u00e3o publicada esta semana por aquele \u00f3rg\u00e3o estatal. Segundo o relator Valdecir Pascoal, as contas do ordenador de despesas referentes ao ano de 2009, sob processo n.\u00ba 1090049-4, estavam aptas a serem aprovadas com ressalvas por \u00e0quele tribunal, voto que foi acompanhado pelos demais membros do colegiado.<\/font><\/p>\n<p align=\"justify\"><font size=\"3\" face=\"Arial\">J\u00e1 em rela\u00e7\u00e3o ao ano de 2010, processo n.\u00ba <\/font><font size=\"3\" face=\"Arial\">23521\/11,<strong> <\/strong><\/font><font size=\"3\" face=\"Arial\">o relator foi o conselheiro Marcos N\u00f3brega que tamb\u00e9m, indicou aos demais conselheiros a aprova\u00e7\u00e3o na \u00edntegra das contas do ex-vereador saloaense. Com essas decis\u00f5es do TCE\/PE, Jamel\u00e3o continua apto a disputar os pr\u00f3ximos pleitos eleitorais, se assim desejar e continuar na vida p\u00fablica. Jamel\u00e3o foi vereador na \u00faltima legislatura de 2009 \u00e0 2012 e foi presidente no primeiro bi\u00eanio, n\u00e3o p\u00f4de concorrer em 2012 e apresentou sua esposa Neide de Jamel\u00e3o, mais n\u00e3o foi eleita. <font face=\"Arial Black\">(Foto extra\u00edda da Internet)<\/font><\/font><\/p>\n<div style=\"margin-top: 0px; margin-bottom: 0px;\" class=\"sharethis-inline-share-buttons\" ><\/div>","protected":false},"excerpt":{"rendered":"<p>O ex-presidente da c\u00e2mara dos vereadores de Salo\u00e1, Jos\u00e9 Francisco Curvelo, mais conhecido como Jamel\u00e3o, teve suas contas das gest\u00f5es 2009 e 2010 aprovadas pelo TCE\/PE (Tribunal de Contas de Pernambuco) em decis\u00e3o publicada esta semana por aquele \u00f3rg\u00e3o estatal. Segundo o relator Valdecir Pascoal, as contas do ordenador de despesas referentes ao ano de [&hellip;]<\/p>\n","protected":false},"author":1,"featured_media":0,"comment_status":"open","ping_status":"open","sticky":false,"template":"","format":"standard","meta":{"footnotes":""},"categories":[2],"tags":[],"class_list":["post-653","post","type-post","status-publish","format-standard","hentry","category-noticias-do-dia"],"_links":{"self":[{"href":"https:\/\/www.saloanoticias.com\/v1\/wp-json\/wp\/v2\/posts\/653","targetHints":{"allow":["GET"]}}],"collection":[{"href":"https:\/\/www.saloanoticias.com\/v1\/wp-json\/wp\/v2\/posts"}],"about":[{"href":"https:\/\/www.saloanoticias.com\/v1\/wp-json\/wp\/v2\/types\/post"}],"author":[{"embeddable":true,"href":"https:\/\/www.saloanoticias.com\/v1\/wp-json\/wp\/v2\/users\/1"}],"replies":[{"embeddable":true,"href":"https:\/\/www.saloanoticias.com\/v1\/wp-json\/wp\/v2\/comments?post=653"}],"version-history":[{"count":0,"href":"https:\/\/www.saloanoticias.com\/v1\/wp-json\/wp\/v2\/posts\/653\/revisions"}],"wp:attachment":[{"href":"https:\/\/www.saloanoticias.com\/v1\/wp-json\/wp\/v2\/media?parent=653"}],"wp:term":[{"taxonomy":"category","embeddable":true,"href":"https:\/\/www.saloanoticias.com\/v1\/wp-json\/wp\/v2\/categories?post=653"},{"taxonomy":"post_tag","embeddable":true,"href":"https:\/\/www.saloanoticias.com\/v1\/wp-json\/wp\/v2\/tags?post=653"}],"curies":[{"name":"wp","href":"https:\/\/api.w.org\/{rel}","templated":true}]}}