{"id":652,"date":"2014-02-15T13:02:14","date_gmt":"2014-02-15T13:02:14","guid":{"rendered":"https:\/\/saloanoticias.mrmediaweb.com\/v1\/2014\/02\/15\/horario-de-verao-acaba-a-meia-noite\/"},"modified":"2014-02-15T13:02:14","modified_gmt":"2014-02-15T13:02:14","slug":"horario-de-verao-acaba-a-meia-noite","status":"publish","type":"post","link":"https:\/\/www.saloanoticias.com\/v1\/horario-de-verao-acaba-a-meia-noite\/","title":{"rendered":"HOR\u00c1RIO DE VER\u00c3O ACABA \u00c0 MEIA NOITE"},"content":{"rendered":"<p align=\"justify\"><font size=\"3\" face=\"Arial\"><a href=\"http:\/\/www.saloanoticias.com\/images\/h-vero.jpg\"><img loading=\"lazy\" decoding=\"async\" title=\"H Ver&atilde;o\" style=\"border-top: 0px; border-right: 0px; background-image: none; border-bottom: 0px; float: left; padding-top: 0px; padding-left: 0px; margin: 5px 5px 0px 0px; border-left: 0px; display: inline; padding-right: 0px\" border=\"0\" alt=\"H Ver&atilde;o\" src=\"http:\/\/www.saloanoticias.com\/v1\/wp-content\/uploads\/imagens\/h-vero_thumb.jpg\" width=\"280\" align=\"left\" height=\"231\"><\/a>\u00c0 0h de hoje, s\u00e1bado para domingo, dia 16, acaba o hor\u00e1rio de ver\u00e3o e os rel\u00f3gios devem ser atrasados em uma hora pelos moradores das regi\u00f5es Sul, Sudeste e Centro-Oeste do Pa\u00eds. O <\/font><a href=\"http:\/\/ultimosegundo.ig.com.br\/brasil\/2013-10-18\/horario-de-verao-comeca-neste-fim-de-semana.html\"><font size=\"3\" face=\"Arial\">hor\u00e1rio de ver\u00e3o come\u00e7ou no dia 20 de outubro de 2013<\/font><\/a><font size=\"3\" face=\"Arial\"> e tem como objetivo reduzir a demanda de energia el\u00e9trica nas regi\u00f5es atingidas, principalmente entre as 18h e 20h. Nos \u00faltimos dez anos, o hor\u00e1rio de ver\u00e3o possibilitou a redu\u00e7\u00e3o m\u00e9dia de aproximadamente 5% na demanda por energia durante o hor\u00e1rio de ponta. Isso significa que as usinas deixaram de gerar, no hor\u00e1rio de maior carga, aproximadamente dois mil megawatts a cada ano.<\/font><\/p>\n<div style=\"margin-top: 0px; margin-bottom: 0px;\" class=\"sharethis-inline-share-buttons\" ><\/div>","protected":false},"excerpt":{"rendered":"<p>\u00c0 0h de hoje, s\u00e1bado para domingo, dia 16, acaba o hor\u00e1rio de ver\u00e3o e os rel\u00f3gios devem ser atrasados em uma hora pelos moradores das regi\u00f5es Sul, Sudeste e Centro-Oeste do Pa\u00eds. O hor\u00e1rio de ver\u00e3o come\u00e7ou no dia 20 de outubro de 2013 e tem como objetivo reduzir a demanda de energia el\u00e9trica [&hellip;]<\/p>\n","protected":false},"author":1,"featured_media":0,"comment_status":"open","ping_status":"open","sticky":false,"template":"","format":"standard","meta":{"footnotes":""},"categories":[2],"tags":[],"class_list":["post-652","post","type-post","status-publish","format-standard","hentry","category-noticias-do-dia"],"_links":{"self":[{"href":"https:\/\/www.saloanoticias.com\/v1\/wp-json\/wp\/v2\/posts\/652","targetHints":{"allow":["GET"]}}],"collection":[{"href":"https:\/\/www.saloanoticias.com\/v1\/wp-json\/wp\/v2\/posts"}],"about":[{"href":"https:\/\/www.saloanoticias.com\/v1\/wp-json\/wp\/v2\/types\/post"}],"author":[{"embeddable":true,"href":"https:\/\/www.saloanoticias.com\/v1\/wp-json\/wp\/v2\/users\/1"}],"replies":[{"embeddable":true,"href":"https:\/\/www.saloanoticias.com\/v1\/wp-json\/wp\/v2\/comments?post=652"}],"version-history":[{"count":0,"href":"https:\/\/www.saloanoticias.com\/v1\/wp-json\/wp\/v2\/posts\/652\/revisions"}],"wp:attachment":[{"href":"https:\/\/www.saloanoticias.com\/v1\/wp-json\/wp\/v2\/media?parent=652"}],"wp:term":[{"taxonomy":"category","embeddable":true,"href":"https:\/\/www.saloanoticias.com\/v1\/wp-json\/wp\/v2\/categories?post=652"},{"taxonomy":"post_tag","embeddable":true,"href":"https:\/\/www.saloanoticias.com\/v1\/wp-json\/wp\/v2\/tags?post=652"}],"curies":[{"name":"wp","href":"https:\/\/api.w.org\/{rel}","templated":true}]}}