{"id":651,"date":"2014-02-15T12:11:20","date_gmt":"2014-02-15T12:11:20","guid":{"rendered":"https:\/\/saloanoticias.mrmediaweb.com\/v1\/2014\/02\/15\/armando-monteiro-quer-discutir-energia-eletrica-em-audiencia-publica\/"},"modified":"2014-02-15T12:11:20","modified_gmt":"2014-02-15T12:11:20","slug":"armando-monteiro-quer-discutir-energia-eletrica-em-audiencia-publica","status":"publish","type":"post","link":"https:\/\/www.saloanoticias.com\/v1\/armando-monteiro-quer-discutir-energia-eletrica-em-audiencia-publica\/","title":{"rendered":"ARMANDO MONTEIRO QUER DISCUTIR ENERGIA ELETRICA EM AUDI\u00caNCIA P\u00daBLICA"},"content":{"rendered":"<p align=\"justify\"><font face=\"Arial\"><font size=\"3\"><strong><font face=\"Arial Black\"><a href=\"http:\/\/www.saloanoticias.com\/images\/senador_armando_monteiro.jpg\"><img loading=\"lazy\" decoding=\"async\" title=\"Senador_Armando_Monteiro\" style=\"border-top: 0px; border-right: 0px; background-image: none; border-bottom: 0px; float: none; padding-top: 0px; padding-left: 0px; margin: 0px auto 10px; border-left: 0px; display: block; padding-right: 0px\" border=\"0\" alt=\"Senador_Armando_Monteiro\" src=\"http:\/\/www.saloanoticias.com\/v1\/wp-content\/uploads\/imagens\/senador_armando_monteiro_thumb.jpg\" width=\"519\" height=\"348\"><\/a>Bras\u00edlia<\/font> &#8211; <\/strong>O senador Armando Monteiro (PTB-PE) anunciou que dever\u00e1 propor a realiza\u00e7\u00e3o de audi\u00eancia p\u00fablica no Senado para discutir a altera\u00e7\u00e3o do Plano Decenal de Energia a fim de que seja constru\u00eddo um linh\u00e3o de corrente cont\u00ednua partindo da Usina Hidrel\u00e9trica de Belo Monte para a Regi\u00e3o Nordeste. Na avalia\u00e7\u00e3o dele, a transfer\u00eancia direta de energia de Belo Monte para o Nordeste, durante os meses de alta hidrologia do Rio Xingu, possibilitaria firmar na regi\u00e3o mais uma significativa parcela de origem hidr\u00e1ulica reduzindo-se a necessidade de opera\u00e7\u00e3o de t\u00e9rmicas e a importa\u00e7\u00e3o de outras fontes mais caras.<\/font><\/font><\/p>\n<p align=\"justify\"><font face=\"Arial\"><font size=\"3\">Armando Monteiro explicou que as linhas que atualmente s\u00e3o utilizadas para a importa\u00e7\u00e3o de energia el\u00e9trica pelo Nordeste, que constituem o Sistema Interligado Nacional, n\u00e3o s\u00e3o adequadas para a transfer\u00eancia permanente desse insumo, mas apenas em situa\u00e7\u00f5es excepcionais. <em>&#8211; <\/em>Por que n\u00e3o se prev\u00ea tamb\u00e9m para o Nordeste a importa\u00e7\u00e3o espec\u00edfica de energia hidrel\u00e9trica da Regi\u00e3o Norte, por meio de linhas expressas ? A nossa car\u00eancia \u00e9 flagrante. A disponibilidade no Norte existe &#8211; disse o senador.<\/font><\/font><\/p>\n<p align=\"justify\"><font size=\"3\" face=\"Arial Black\"><strong>Cr\u00e9dito da foto: Ana Luiza Sousa\/divulga\u00e7\u00e3o<\/strong><\/font><\/p>\n<div style=\"margin-top: 0px; margin-bottom: 0px;\" class=\"sharethis-inline-share-buttons\" ><\/div>","protected":false},"excerpt":{"rendered":"<p>Bras\u00edlia &#8211; O senador Armando Monteiro (PTB-PE) anunciou que dever\u00e1 propor a realiza\u00e7\u00e3o de audi\u00eancia p\u00fablica no Senado para discutir a altera\u00e7\u00e3o do Plano Decenal de Energia a fim de que seja constru\u00eddo um linh\u00e3o de corrente cont\u00ednua partindo da Usina Hidrel\u00e9trica de Belo Monte para a Regi\u00e3o Nordeste. Na avalia\u00e7\u00e3o dele, a transfer\u00eancia direta [&hellip;]<\/p>\n","protected":false},"author":1,"featured_media":0,"comment_status":"open","ping_status":"open","sticky":false,"template":"","format":"standard","meta":{"footnotes":""},"categories":[2],"tags":[],"class_list":["post-651","post","type-post","status-publish","format-standard","hentry","category-noticias-do-dia"],"_links":{"self":[{"href":"https:\/\/www.saloanoticias.com\/v1\/wp-json\/wp\/v2\/posts\/651","targetHints":{"allow":["GET"]}}],"collection":[{"href":"https:\/\/www.saloanoticias.com\/v1\/wp-json\/wp\/v2\/posts"}],"about":[{"href":"https:\/\/www.saloanoticias.com\/v1\/wp-json\/wp\/v2\/types\/post"}],"author":[{"embeddable":true,"href":"https:\/\/www.saloanoticias.com\/v1\/wp-json\/wp\/v2\/users\/1"}],"replies":[{"embeddable":true,"href":"https:\/\/www.saloanoticias.com\/v1\/wp-json\/wp\/v2\/comments?post=651"}],"version-history":[{"count":0,"href":"https:\/\/www.saloanoticias.com\/v1\/wp-json\/wp\/v2\/posts\/651\/revisions"}],"wp:attachment":[{"href":"https:\/\/www.saloanoticias.com\/v1\/wp-json\/wp\/v2\/media?parent=651"}],"wp:term":[{"taxonomy":"category","embeddable":true,"href":"https:\/\/www.saloanoticias.com\/v1\/wp-json\/wp\/v2\/categories?post=651"},{"taxonomy":"post_tag","embeddable":true,"href":"https:\/\/www.saloanoticias.com\/v1\/wp-json\/wp\/v2\/tags?post=651"}],"curies":[{"name":"wp","href":"https:\/\/api.w.org\/{rel}","templated":true}]}}