{"id":650,"date":"2014-02-14T22:28:31","date_gmt":"2014-02-14T22:28:31","guid":{"rendered":"https:\/\/saloanoticias.mrmediaweb.com\/v1\/2014\/02\/14\/ivo-amaral-recebe-homenagem-do-prefeito-e-da-camara-de-garanhuns\/"},"modified":"2014-02-14T22:28:31","modified_gmt":"2014-02-14T22:28:31","slug":"ivo-amaral-recebe-homenagem-do-prefeito-e-da-camara-de-garanhuns","status":"publish","type":"post","link":"https:\/\/www.saloanoticias.com\/v1\/ivo-amaral-recebe-homenagem-do-prefeito-e-da-camara-de-garanhuns\/","title":{"rendered":"IVO AMARAL RECEBE HOMENAGEM DO PREFEITO E DA C\u00c2MARA DE GARANHUNS"},"content":{"rendered":"<p align=\"justify\"><font size=\"3\" face=\"Arial\"><a href=\"http:\/\/www.saloanoticias.com\/images\/ivo-amaral1.jpg\"><img loading=\"lazy\" decoding=\"async\" title=\"Ivo Amaral1\" style=\"border-top: 0px; border-right: 0px; background-image: none; border-bottom: 0px; float: none; padding-top: 0px; padding-left: 0px; margin: 0px auto 10px; border-left: 0px; display: block; padding-right: 0px\" border=\"0\" alt=\"Ivo Amaral1\" src=\"http:\/\/www.saloanoticias.com\/v1\/wp-content\/uploads\/imagens\/ivo-amaral1_thumb.jpg\" width=\"548\" height=\"411\"><\/a>O prefeito Iza\u00edas R\u00e9gis Neto participou, na manh\u00e3 de hoje (14) da sess\u00e3o solene na C\u00e2mara de Vereadores de Garanhuns em homenagem aos 80 anos de vida do ex-deputado estadual de Pernambuco, ex-prefeito, ex-vice-prefeito e ex-vereador do munic\u00edpio, Ivo Tin\u00f4 do Amaral. A solenidade realizada pela C\u00e2mara de Vereadores, Governo Municipal de Garanhuns e CODEAM, reuniu diversas autoridades locais. <\/font><font size=\"3\" face=\"Arial\">Narrando a trajet\u00f3ria do pol\u00edtico, com a Casa Raimundo de Moraes cheia, o cordelista Gonzaga de Garanhuns aproveitou a ocasi\u00e3o para recitar um cordel especial, relembrando momentos importantes de Ivo Amaral.<\/font> <\/p>\n<p align=\"justify\"><a href=\"http:\/\/www.saloanoticias.com\/images\/ivo-amaral2.jpg\"><img loading=\"lazy\" decoding=\"async\" title=\"Ivo Amaral2\" style=\"border-top: 0px; border-right: 0px; background-image: none; border-bottom: 0px; float: none; padding-top: 0px; padding-left: 0px; margin: 10px auto; border-left: 0px; display: block; padding-right: 0px\" border=\"0\" alt=\"Ivo Amaral2\" src=\"http:\/\/www.saloanoticias.com\/v1\/wp-content\/uploads\/imagens\/ivo-amaral2_thumb.jpg\" width=\"540\" height=\"405\"><\/a> <\/p>\n<p align=\"justify\"><font size=\"3\" face=\"Arial\">A primeira dama do munic\u00edpio, Socorro R\u00e9gis, entregou um ramalhete de flores para a esposa de Ivo Amaral, Edjenalva Amaral. <\/font><font size=\"3\" face=\"Arial\">Em um dos momentos mais esperados da solenidade, o prefeito Iza\u00edas R\u00e9gis entregou a Medalha do M\u00e9rito Cidade Garanhuns ao ex-prefeito Ivo Amaral e ressaltou os feitos de \u201cSeu Ivo\u201d, como \u00e9 carinhosamente conhecido. \u201cTemos que valorizar nossa hist\u00f3ria, a hist\u00f3ria de Garanhuns. Ivo prestou um belo servi\u00e7o \u00e0 sociedade enquanto esteve na vida pol\u00edtica. Eu procuro me espelhar em boa parte de sua forma de gerir, de pensar pra frente, de ser moderno e inovador\u201d, evidenciou.<\/font> <\/p>\n<p align=\"justify\"><a href=\"http:\/\/www.saloanoticias.com\/images\/ivo-amaral3.jpg\"><img loading=\"lazy\" decoding=\"async\" title=\"Ivo Amaral3\" style=\"border-top: 0px; border-right: 0px; background-image: none; border-bottom: 0px; float: none; padding-top: 0px; padding-left: 0px; margin: 10px auto; border-left: 0px; display: block; padding-right: 0px\" border=\"0\" alt=\"Ivo Amaral3\" src=\"http:\/\/www.saloanoticias.com\/v1\/wp-content\/uploads\/imagens\/ivo-amaral3_thumb.jpg\" width=\"539\" height=\"404\"><\/a> <\/p>\n<p align=\"justify\"><font size=\"3\" face=\"Arial\">Iza\u00edas R\u00e9gis tamb\u00e9m destacou que para construir um futuro de progresso, n\u00e3o se pode esquecer do passado. \u201cAssim como foi o padre Adelmar da Mota Valen\u00e7a \u00e9 Ivo Amaral. S\u00e3o e para sempre ser\u00e3o homens que dedicaram parte de suas vidas para cuidar das pessoas. Queria aproveitar para dizer que estou buscando trazer a Maria Fuma\u00e7a, que j\u00e1 foi de Garanhuns, e que est\u00e1 no estado de Alagoas, abandonada, para restaur\u00e1-la. Precisamos manter a hist\u00f3ria de Garanhuns\u201d, disse. <\/font><font size=\"3\" face=\"Arial\">Ap\u00f3s o pronunciamento oficial do prefeito, outros convidados e os vereadores tamb\u00e9m fizeram uso da palavra na plen\u00e1ria da c\u00e2mara. <\/font> <\/p>\n<p align=\"justify\"><font face=\"Arial Black\"><b><font size=\"3\">Texto: Cloves Teodorico e Jacqueline Menezes \u2013 <\/font><\/b><b><font size=\"3\">Fotos &#8211; Marcella Valen\u00e7a &#8211; <\/font><\/b><\/font><b><font size=\"3\" face=\"Arial\"><font face=\"Arial Black\">Secom\/PMG<\/font><\/font><\/b><\/p>\n<div style=\"margin-top: 0px; margin-bottom: 0px;\" class=\"sharethis-inline-share-buttons\" ><\/div>","protected":false},"excerpt":{"rendered":"<p>O prefeito Iza\u00edas R\u00e9gis Neto participou, na manh\u00e3 de hoje (14) da sess\u00e3o solene na C\u00e2mara de Vereadores de Garanhuns em homenagem aos 80 anos de vida do ex-deputado estadual de Pernambuco, ex-prefeito, ex-vice-prefeito e ex-vereador do munic\u00edpio, Ivo Tin\u00f4 do Amaral. A solenidade realizada pela C\u00e2mara de Vereadores, Governo Municipal de Garanhuns e CODEAM, [&hellip;]<\/p>\n","protected":false},"author":1,"featured_media":0,"comment_status":"open","ping_status":"open","sticky":false,"template":"","format":"standard","meta":{"footnotes":""},"categories":[2],"tags":[],"class_list":["post-650","post","type-post","status-publish","format-standard","hentry","category-noticias-do-dia"],"_links":{"self":[{"href":"https:\/\/www.saloanoticias.com\/v1\/wp-json\/wp\/v2\/posts\/650","targetHints":{"allow":["GET"]}}],"collection":[{"href":"https:\/\/www.saloanoticias.com\/v1\/wp-json\/wp\/v2\/posts"}],"about":[{"href":"https:\/\/www.saloanoticias.com\/v1\/wp-json\/wp\/v2\/types\/post"}],"author":[{"embeddable":true,"href":"https:\/\/www.saloanoticias.com\/v1\/wp-json\/wp\/v2\/users\/1"}],"replies":[{"embeddable":true,"href":"https:\/\/www.saloanoticias.com\/v1\/wp-json\/wp\/v2\/comments?post=650"}],"version-history":[{"count":0,"href":"https:\/\/www.saloanoticias.com\/v1\/wp-json\/wp\/v2\/posts\/650\/revisions"}],"wp:attachment":[{"href":"https:\/\/www.saloanoticias.com\/v1\/wp-json\/wp\/v2\/media?parent=650"}],"wp:term":[{"taxonomy":"category","embeddable":true,"href":"https:\/\/www.saloanoticias.com\/v1\/wp-json\/wp\/v2\/categories?post=650"},{"taxonomy":"post_tag","embeddable":true,"href":"https:\/\/www.saloanoticias.com\/v1\/wp-json\/wp\/v2\/tags?post=650"}],"curies":[{"name":"wp","href":"https:\/\/api.w.org\/{rel}","templated":true}]}}