{"id":648,"date":"2014-02-14T13:45:43","date_gmt":"2014-02-14T13:45:43","guid":{"rendered":"https:\/\/saloanoticias.mrmediaweb.com\/v1\/2014\/02\/14\/prefeito-de-saloa-sanciona-lei-do-concurso-publico\/"},"modified":"2014-02-14T13:45:43","modified_gmt":"2014-02-14T13:45:43","slug":"prefeito-de-saloa-sanciona-lei-do-concurso-publico","status":"publish","type":"post","link":"https:\/\/www.saloanoticias.com\/v1\/prefeito-de-saloa-sanciona-lei-do-concurso-publico\/","title":{"rendered":"PREFEITO DE SALO\u00c1 SANCIONA LEI DO CONCURSO P\u00daBLICO"},"content":{"rendered":"<p align=\"justify\"><font size=\"3\" face=\"Arial\"><a href=\"http:\/\/www.saloanoticias.com\/images\/ricardo-2_026aa1b5530d068872b111b79a5f2f39.jpg\"><img loading=\"lazy\" decoding=\"async\" title=\"Ricardo (2)\" style=\"border-top: 0px; border-right: 0px; background-image: none; border-bottom: 0px; float: right; padding-top: 0px; padding-left: 0px; margin: 5px 0px 0px 5px; border-left: 0px; display: inline; padding-right: 0px\" border=\"0\" alt=\"Ricardo (2)\" src=\"http:\/\/www.saloanoticias.com\/v1\/wp-content\/uploads\/imagens\/ricardo-2_thumb_c8f621248a92615c58824010ff3d43f3.jpg\" width=\"180\" align=\"right\" height=\"222\"><\/a>O prefeito de Salo\u00e1, Ricardo Alves (PMDB) sancionou nesta quinta-feira (13) a Lei 503\/2013 que disp\u00f5e sobre a realiza\u00e7\u00e3o do concurso p\u00fablico municipal. O certame dever\u00e1 ser encaminhado por empresa p\u00fablica, dispensada de concorr\u00eancia, conforme determina a Lei n\u00ba 8.666\/21 de junho de 1993, em seu artigo 24, inciso VIII. Em Pernambuco a institui\u00e7\u00e3o que est\u00e1 apta para esse tipo de modalidade \u00e9 a Universidade de Pernambuco (UPE). O edital do concurso ser\u00e1 lan\u00e7ado t\u00e3o logo seja firmado o contrato, por\u00e9m a lei que rege sobre a quantidade de vagas estar\u00e1 dispon\u00edvel no site da prefeitura, a partir das 16h desta sexta-feira (14) no endere\u00e7o <a href=\"http:\/\/www.saloa.pe.gov.br\">www.saloa.pe.gov.br<\/a>.<\/font> <\/p>\n<p align=\"justify\"><font size=\"3\" face=\"Arial\">Est\u00e3o disponibilizadas 846 vagas para os n\u00edveis fundamental, m\u00e9dio\/t\u00e9cnico e superior. <\/font><font size=\"3\" face=\"Arial\">Por sua vez a C\u00e2mara de Vereadores de Salo\u00e1 tamb\u00e9m dever\u00e1 realizar concurso p\u00fablico, possivelmente no mesmo certame. A Casa conta com 06 funcion\u00e1rios contratados e dever\u00e1 atender \u00e0s orienta\u00e7\u00f5es do Tribunal de Contas que determina a realiza\u00e7\u00e3o do concurso para a substitui\u00e7\u00e3o dos contratados por concursados.<\/font> <\/p>\n<p align=\"justify\"><font size=\"3\" face=\"Arial Black\">Fonte&nbsp; &#8211;&nbsp; Ascom\/Salo\u00e1\/PE (Texto Geraldo Mouret)<\/font><\/p>\n<div style=\"margin-top: 0px; margin-bottom: 0px;\" class=\"sharethis-inline-share-buttons\" ><\/div>","protected":false},"excerpt":{"rendered":"<p>O prefeito de Salo\u00e1, Ricardo Alves (PMDB) sancionou nesta quinta-feira (13) a Lei 503\/2013 que disp\u00f5e sobre a realiza\u00e7\u00e3o do concurso p\u00fablico municipal. O certame dever\u00e1 ser encaminhado por empresa p\u00fablica, dispensada de concorr\u00eancia, conforme determina a Lei n\u00ba 8.666\/21 de junho de 1993, em seu artigo 24, inciso VIII. Em Pernambuco a institui\u00e7\u00e3o que [&hellip;]<\/p>\n","protected":false},"author":1,"featured_media":0,"comment_status":"open","ping_status":"open","sticky":false,"template":"","format":"standard","meta":{"footnotes":""},"categories":[2],"tags":[],"class_list":["post-648","post","type-post","status-publish","format-standard","hentry","category-noticias-do-dia"],"_links":{"self":[{"href":"https:\/\/www.saloanoticias.com\/v1\/wp-json\/wp\/v2\/posts\/648","targetHints":{"allow":["GET"]}}],"collection":[{"href":"https:\/\/www.saloanoticias.com\/v1\/wp-json\/wp\/v2\/posts"}],"about":[{"href":"https:\/\/www.saloanoticias.com\/v1\/wp-json\/wp\/v2\/types\/post"}],"author":[{"embeddable":true,"href":"https:\/\/www.saloanoticias.com\/v1\/wp-json\/wp\/v2\/users\/1"}],"replies":[{"embeddable":true,"href":"https:\/\/www.saloanoticias.com\/v1\/wp-json\/wp\/v2\/comments?post=648"}],"version-history":[{"count":0,"href":"https:\/\/www.saloanoticias.com\/v1\/wp-json\/wp\/v2\/posts\/648\/revisions"}],"wp:attachment":[{"href":"https:\/\/www.saloanoticias.com\/v1\/wp-json\/wp\/v2\/media?parent=648"}],"wp:term":[{"taxonomy":"category","embeddable":true,"href":"https:\/\/www.saloanoticias.com\/v1\/wp-json\/wp\/v2\/categories?post=648"},{"taxonomy":"post_tag","embeddable":true,"href":"https:\/\/www.saloanoticias.com\/v1\/wp-json\/wp\/v2\/tags?post=648"}],"curies":[{"name":"wp","href":"https:\/\/api.w.org\/{rel}","templated":true}]}}