{"id":647,"date":"2014-02-14T13:38:02","date_gmt":"2014-02-14T13:38:02","guid":{"rendered":"https:\/\/saloanoticias.mrmediaweb.com\/v1\/2014\/02\/14\/guarda-de-transito-e-civis-serao-beneficiarios-do-bolsa-formacao\/"},"modified":"2014-02-14T13:38:02","modified_gmt":"2014-02-14T13:38:02","slug":"guarda-de-transito-e-civis-serao-beneficiarios-do-bolsa-formacao","status":"publish","type":"post","link":"https:\/\/www.saloanoticias.com\/v1\/guarda-de-transito-e-civis-serao-beneficiarios-do-bolsa-formacao\/","title":{"rendered":"ARMANDO INCLUI GUARDAS DE TR\u00c2NSITO E CIVIS NO BOLSA FORMA\u00c7\u00c3O"},"content":{"rendered":"<p align=\"justify\"><font face=\"Arial\"><font size=\"3\"><strong><a href=\"http:\/\/www.saloanoticias.com\/images\/armando_monteiro_jair_fid_lis_e_guardas_municipais_12022014.jpg\"><img loading=\"lazy\" decoding=\"async\" title=\"Armando_Monteiro_Jair_Fid_lis_e_guardas_municipais_12022014\" style=\"border-top: 0px; border-right: 0px; background-image: none; border-bottom: 0px; float: none; padding-top: 0px; padding-left: 0px; margin: 0px auto 10px; border-left: 0px; display: block; padding-right: 0px\" border=\"0\" alt=\"Armando_Monteiro_Jair_Fid_lis_e_guardas_municipais_12022014\" src=\"http:\/\/www.saloanoticias.com\/v1\/wp-content\/uploads\/imagens\/armando_monteiro_jair_fid_lis_e_guardas_municipais_12022014_thumb.jpg\" width=\"546\" height=\"367\"><\/a>Bras\u00edlia &#8211;<\/strong> O senador Armando Monteiro (PTB) incluiu os agentes de tr\u00e2nsito e guardas civis municipais entre os benefici\u00e1rios da bolsa-forma\u00e7\u00e3o concedida no \u00e2mbito do Programa Nacional de Seguran\u00e7a P\u00fablica com Cidadania (Pronasci). O parecer foi apresentado \u00e0 Comiss\u00e3o de Constitui\u00e7\u00e3o, Justi\u00e7a e Cidadania (CCJ) e comunicado aos profissionais do setor em reuni\u00e3o no gabinete do senador pernambucano, em Bras\u00edlia, nesta quarta-feira (12). Armando \u00e9 relator do PLC 92\/2013 que disp\u00f5e sobre a mat\u00e9ria.<\/font><\/font><\/p>\n<p align=\"justify\"><font face=\"Arial\"><font size=\"3\">Com a medida, o senador amplia e intensifica o alcance do programa e atende a uma demanda antiga da categoria. Ele argumenta que esses trabalhadores tamb\u00e9m s\u00e3o importantes para a seguran\u00e7a p\u00fablica, pois, durante o exerc\u00edcio do trabalho de fiscaliza\u00e7\u00e3o nas ruas se deparam com diferentes problemas e risco pessoal, como sequestro rel\u00e2mpago, porte ilegal de armas, ve\u00edculos roubados, entre outros. Hoje, o Pronasci oferece bolsas de estudos para que policiais e bombeiros, dentre outros, possam estudar e se aprimorar.<\/font><\/font><\/p>\n<p align=\"justify\"><font face=\"Arial\"><font size=\"3\">Para o presidente do Sindicato dos Agentes de Tr\u00e2nsito de Pernambuco, Jair Fid\u00e9lis, a decis\u00e3o do senador ajudar\u00e1 a valorizar a categoria, que ter\u00e1 acesso a cursos de qualifica\u00e7\u00e3o profissional. <strong>A mat\u00e9ria \u2013<\/strong> que aguarda inclus\u00e3o na pauta da CCJ para ser apreciada &#8211; concilia duas vertentes da atua\u00e7\u00e3o parlamentar de Armando Monteiro: a qualifica\u00e7\u00e3o profissional e a seguran\u00e7a p\u00fablica. A expectativa do senador \u00e9 de que o projeto seja aprovado com celeridade na Comiss\u00e3o.<\/font><\/font><\/p>\n<p align=\"justify\"><font face=\"Arial\"><font size=\"3\"><strong>Legenda da foto \u2013<\/strong> Armando entrega projeto ao presidente do Sindicato dos Agentes de Tr\u00e2nsito de Pernambuco, Jair Fid\u00e9lis, ao lado de guardas municipais. <strong>Cr\u00e9dito da foto:<\/strong> Ana Luiza Sousa\/divulga\u00e7\u00e3o.<\/font><\/font><\/p>\n<div style=\"margin-top: 0px; margin-bottom: 0px;\" class=\"sharethis-inline-share-buttons\" ><\/div>","protected":false},"excerpt":{"rendered":"<p>Bras\u00edlia &#8211; O senador Armando Monteiro (PTB) incluiu os agentes de tr\u00e2nsito e guardas civis municipais entre os benefici\u00e1rios da bolsa-forma\u00e7\u00e3o concedida no \u00e2mbito do Programa Nacional de Seguran\u00e7a P\u00fablica com Cidadania (Pronasci). O parecer foi apresentado \u00e0 Comiss\u00e3o de Constitui\u00e7\u00e3o, Justi\u00e7a e Cidadania (CCJ) e comunicado aos profissionais do setor em reuni\u00e3o no gabinete [&hellip;]<\/p>\n","protected":false},"author":1,"featured_media":0,"comment_status":"open","ping_status":"open","sticky":false,"template":"","format":"standard","meta":{"footnotes":""},"categories":[2],"tags":[],"class_list":["post-647","post","type-post","status-publish","format-standard","hentry","category-noticias-do-dia"],"_links":{"self":[{"href":"https:\/\/www.saloanoticias.com\/v1\/wp-json\/wp\/v2\/posts\/647","targetHints":{"allow":["GET"]}}],"collection":[{"href":"https:\/\/www.saloanoticias.com\/v1\/wp-json\/wp\/v2\/posts"}],"about":[{"href":"https:\/\/www.saloanoticias.com\/v1\/wp-json\/wp\/v2\/types\/post"}],"author":[{"embeddable":true,"href":"https:\/\/www.saloanoticias.com\/v1\/wp-json\/wp\/v2\/users\/1"}],"replies":[{"embeddable":true,"href":"https:\/\/www.saloanoticias.com\/v1\/wp-json\/wp\/v2\/comments?post=647"}],"version-history":[{"count":0,"href":"https:\/\/www.saloanoticias.com\/v1\/wp-json\/wp\/v2\/posts\/647\/revisions"}],"wp:attachment":[{"href":"https:\/\/www.saloanoticias.com\/v1\/wp-json\/wp\/v2\/media?parent=647"}],"wp:term":[{"taxonomy":"category","embeddable":true,"href":"https:\/\/www.saloanoticias.com\/v1\/wp-json\/wp\/v2\/categories?post=647"},{"taxonomy":"post_tag","embeddable":true,"href":"https:\/\/www.saloanoticias.com\/v1\/wp-json\/wp\/v2\/tags?post=647"}],"curies":[{"name":"wp","href":"https:\/\/api.w.org\/{rel}","templated":true}]}}