{"id":646,"date":"2014-02-14T02:45:44","date_gmt":"2014-02-14T02:45:44","guid":{"rendered":"https:\/\/saloanoticias.mrmediaweb.com\/v1\/2014\/02\/14\/nota-de-falecimento-e-convite\/"},"modified":"2014-02-14T02:45:44","modified_gmt":"2014-02-14T02:45:44","slug":"nota-de-falecimento-e-convite","status":"publish","type":"post","link":"https:\/\/www.saloanoticias.com\/v1\/nota-de-falecimento-e-convite\/","title":{"rendered":"NOTA DE FALECIMENTO E CONVITE"},"content":{"rendered":"<p align=\"justify\"><font size=\"3\" face=\"Arial\"><a href=\"http:\/\/www.saloanoticias.com\/images\/nota-de-falecimento_db6072c81e4faf91a4242c795e0bab9b.jpg\"><img loading=\"lazy\" decoding=\"async\" title=\"nota-de-falecimento\" style=\"border-top: 0px; border-right: 0px; background-image: none; border-bottom: 0px; float: left; padding-top: 0px; padding-left: 0px; margin: 4px 5px 0px 0px; border-left: 0px; display: inline; padding-right: 0px\" border=\"0\" alt=\"nota-de-falecimento\" src=\"http:\/\/www.saloanoticias.com\/v1\/wp-content\/uploads\/imagens\/nota-de-falecimento_thumb_be60b4621aa974ec66dc03f973a7cbc3.jpg\" width=\"335\" align=\"left\" height=\"208\"><\/a>Acabamos de receber a informa\u00e7\u00e3o de que o Sr. Manoel Pereira da Silva, pai do conhecido Terra Seca e da Sra. Tercina, faleceu no in\u00edcio da madrugada desta sexta-feira (14) na cidade de Garanhuns, v\u00edtima de derrame. O mesmo residia na Rua 21 de abril, Rua do F\u00f3rum, no Centro de Salo\u00e1\/PE. Pelas primeiras informa\u00e7\u00f5es, o corpo j\u00e1 est\u00e1 sendo preparado para ser trazido para sua terra natal e ser\u00e1 velado em sua resid\u00eancia na citada rua. Os familiares desde j\u00e1 convidam os parentes e amigos para o vel\u00f3rio e sepultamento que ser\u00e1 realizado em hor\u00e1rio ainda a ser definido pelos familiares.<\/font><\/p>\n<div style=\"margin-top: 0px; margin-bottom: 0px;\" class=\"sharethis-inline-share-buttons\" ><\/div>","protected":false},"excerpt":{"rendered":"<p>Acabamos de receber a informa\u00e7\u00e3o de que o Sr. Manoel Pereira da Silva, pai do conhecido Terra Seca e da Sra. Tercina, faleceu no in\u00edcio da madrugada desta sexta-feira (14) na cidade de Garanhuns, v\u00edtima de derrame. O mesmo residia na Rua 21 de abril, Rua do F\u00f3rum, no Centro de Salo\u00e1\/PE. Pelas primeiras informa\u00e7\u00f5es, [&hellip;]<\/p>\n","protected":false},"author":1,"featured_media":0,"comment_status":"open","ping_status":"open","sticky":false,"template":"","format":"standard","meta":{"footnotes":""},"categories":[2],"tags":[],"class_list":["post-646","post","type-post","status-publish","format-standard","hentry","category-noticias-do-dia"],"_links":{"self":[{"href":"https:\/\/www.saloanoticias.com\/v1\/wp-json\/wp\/v2\/posts\/646","targetHints":{"allow":["GET"]}}],"collection":[{"href":"https:\/\/www.saloanoticias.com\/v1\/wp-json\/wp\/v2\/posts"}],"about":[{"href":"https:\/\/www.saloanoticias.com\/v1\/wp-json\/wp\/v2\/types\/post"}],"author":[{"embeddable":true,"href":"https:\/\/www.saloanoticias.com\/v1\/wp-json\/wp\/v2\/users\/1"}],"replies":[{"embeddable":true,"href":"https:\/\/www.saloanoticias.com\/v1\/wp-json\/wp\/v2\/comments?post=646"}],"version-history":[{"count":0,"href":"https:\/\/www.saloanoticias.com\/v1\/wp-json\/wp\/v2\/posts\/646\/revisions"}],"wp:attachment":[{"href":"https:\/\/www.saloanoticias.com\/v1\/wp-json\/wp\/v2\/media?parent=646"}],"wp:term":[{"taxonomy":"category","embeddable":true,"href":"https:\/\/www.saloanoticias.com\/v1\/wp-json\/wp\/v2\/categories?post=646"},{"taxonomy":"post_tag","embeddable":true,"href":"https:\/\/www.saloanoticias.com\/v1\/wp-json\/wp\/v2\/tags?post=646"}],"curies":[{"name":"wp","href":"https:\/\/api.w.org\/{rel}","templated":true}]}}