{"id":645,"date":"2014-02-14T01:43:01","date_gmt":"2014-02-14T01:43:01","guid":{"rendered":"https:\/\/saloanoticias.mrmediaweb.com\/v1\/2014\/02\/14\/vagas-de-empregos-em-garanhuns\/"},"modified":"2014-02-14T01:43:01","modified_gmt":"2014-02-14T01:43:01","slug":"vagas-de-empregos-em-garanhuns","status":"publish","type":"post","link":"https:\/\/www.saloanoticias.com\/v1\/vagas-de-empregos-em-garanhuns\/","title":{"rendered":"OPORTUNIDADE DE EMPREGO"},"content":{"rendered":"<p align=\"justify\"><font size=\"3\" face=\"Arial\"><a href=\"http:\/\/www.saloanoticias.com\/images\/vagas-de-emprego_9b867ce97853e95e27410277717849e0.jpg\"><img loading=\"lazy\" decoding=\"async\" title=\"vagas de emprego\" style=\"border-top: 0px; border-right: 0px; background-image: none; border-bottom: 0px; float: none; padding-top: 0px; padding-left: 0px; margin: 0px auto 10px; border-left: 0px; display: block; padding-right: 0px\" border=\"0\" alt=\"vagas de emprego\" src=\"http:\/\/www.saloanoticias.com\/v1\/wp-content\/uploads\/imagens\/vagas-de-emprego_thumb_f18b21cb476e7148c9757943a42a86c4.jpg\" width=\"460\" height=\"315\"><\/a>A Ag\u00eancia do Trabalho na cidade de Garanhuns est\u00e1 oferecendo v\u00e1rias vagas de emprego e est\u00e3o dispon\u00edveis para as pessoas que se enquadrarem nas especifica\u00e7\u00f5es abaixo relacionadas. Listamos as vagas e, os interessados devem procurar o mais r\u00e1pido poss\u00edvel a Ag\u00eancia do Trabalho instalada na Cidade das Flores. Para se cadastrar os as pessoas devem ir na referida Ag\u00eancia do Trabalho que fica localizada na Rua Amaury de Medeiros, n.\u00ba 20, no Bairro de Heli\u00f3polis, Garanhuns\/PE, ou se preferirem, podem acessar o seguinte endere\u00e7o eletr\u00f4nico em <a href=\"http:\/\/www.maisemprego.mte.gov.br\">www.maisemprego.mte.gov.br<\/a>.<\/font><\/p>\n<p align=\"center\"><font size=\"3\" face=\"Arial\">1 vaga &#8211;&nbsp; Auxiliar Administrativo- 6 meses de experi\u00eancia &#8211;&nbsp; Ensino M\u00e9dio <br \/>2 vagas &#8211; Atendente de Lanchonete &#8211; 6 meses de experi\u00eancia &#8211; Ensino M\u00e9dio<br \/>1 vaga &#8211; Vendedor Pracista&nbsp; &#8211; 6 meses de experi\u00eancia &#8211; Superior Incompleto<br \/>1 vaga &#8211; Vendedor de An\u00fancio &#8211; 6 meses de experi\u00eancia &#8211; Ensino M\u00e9dio<br \/>1 vaga &#8211; Ajudante de Cozinha &#8211;&nbsp; 6 meses de experi\u00eancia &#8211; Ensino M\u00e9dio &#8211; Masculino<br \/>1 vaga &#8211; Encarregado de Obras- 6 meses de experi\u00eancia- Ensino M\u00e9dio Incompleto<br \/>1 vaga &#8211; Carpinteiro &#8211; 6 meses de experi\u00eancia &#8211; Masculino &#8211; Fundamental Incompleto<br \/>1 vaga &#8211; Supervisor de Se\u00e7\u00e3o de Servi\u00e7os- 6 meses de experi\u00eancia- Masculino- Ensino M\u00e9dio Completo<\/font><\/p>\n<div style=\"margin-top: 0px; margin-bottom: 0px;\" class=\"sharethis-inline-share-buttons\" ><\/div>","protected":false},"excerpt":{"rendered":"<p>A Ag\u00eancia do Trabalho na cidade de Garanhuns est\u00e1 oferecendo v\u00e1rias vagas de emprego e est\u00e3o dispon\u00edveis para as pessoas que se enquadrarem nas especifica\u00e7\u00f5es abaixo relacionadas. Listamos as vagas e, os interessados devem procurar o mais r\u00e1pido poss\u00edvel a Ag\u00eancia do Trabalho instalada na Cidade das Flores. Para se cadastrar os as pessoas devem [&hellip;]<\/p>\n","protected":false},"author":1,"featured_media":0,"comment_status":"open","ping_status":"open","sticky":false,"template":"","format":"standard","meta":{"footnotes":""},"categories":[2],"tags":[],"class_list":["post-645","post","type-post","status-publish","format-standard","hentry","category-noticias-do-dia"],"_links":{"self":[{"href":"https:\/\/www.saloanoticias.com\/v1\/wp-json\/wp\/v2\/posts\/645","targetHints":{"allow":["GET"]}}],"collection":[{"href":"https:\/\/www.saloanoticias.com\/v1\/wp-json\/wp\/v2\/posts"}],"about":[{"href":"https:\/\/www.saloanoticias.com\/v1\/wp-json\/wp\/v2\/types\/post"}],"author":[{"embeddable":true,"href":"https:\/\/www.saloanoticias.com\/v1\/wp-json\/wp\/v2\/users\/1"}],"replies":[{"embeddable":true,"href":"https:\/\/www.saloanoticias.com\/v1\/wp-json\/wp\/v2\/comments?post=645"}],"version-history":[{"count":0,"href":"https:\/\/www.saloanoticias.com\/v1\/wp-json\/wp\/v2\/posts\/645\/revisions"}],"wp:attachment":[{"href":"https:\/\/www.saloanoticias.com\/v1\/wp-json\/wp\/v2\/media?parent=645"}],"wp:term":[{"taxonomy":"category","embeddable":true,"href":"https:\/\/www.saloanoticias.com\/v1\/wp-json\/wp\/v2\/categories?post=645"},{"taxonomy":"post_tag","embeddable":true,"href":"https:\/\/www.saloanoticias.com\/v1\/wp-json\/wp\/v2\/tags?post=645"}],"curies":[{"name":"wp","href":"https:\/\/api.w.org\/{rel}","templated":true}]}}