{"id":644,"date":"2014-02-13T23:03:47","date_gmt":"2014-02-13T23:03:47","guid":{"rendered":"https:\/\/saloanoticias.mrmediaweb.com\/v1\/2014\/02\/13\/eduardo-maciel-recebe-mocao-de-aplauso-nesta-quinta-feira\/"},"modified":"2014-02-13T23:03:47","modified_gmt":"2014-02-13T23:03:47","slug":"eduardo-maciel-recebe-mocao-de-aplauso-nesta-quinta-feira","status":"publish","type":"post","link":"https:\/\/www.saloanoticias.com\/v1\/eduardo-maciel-recebe-mocao-de-aplauso-nesta-quinta-feira\/","title":{"rendered":"EDUARDO MACIEL RECEBE MO\u00c7\u00c3O DE APLAUSO NESTA QUINTA-FEIRA"},"content":{"rendered":"<p align=\"justify\"><font size=\"3\" face=\"Arial\"><a href=\"http:\/\/www.saloanoticias.com\/images\/eduardo_e89e7f2606955d3c83694012a078824b.jpg\"><img loading=\"lazy\" decoding=\"async\" title=\"Eduardo\" style=\"border-top: 0px; border-right: 0px; background-image: none; border-bottom: 0px; float: none; padding-top: 0px; padding-left: 0px; margin: 0px auto 10px; border-left: 0px; display: block; padding-right: 0px\" border=\"0\" alt=\"Eduardo\" src=\"http:\/\/www.saloanoticias.com\/v1\/wp-content\/uploads\/imagens\/eduardo_thumb_a5c5e90fd4294d33f15967fd25137540.jpg\" width=\"524\" height=\"345\"><\/a>A C\u00e2mara de Salo\u00e1, realizou nesta quinta-feira (13\/02) sua 6\u00aa Se\u00e7\u00e3o Ordin\u00e1ria do primeiro per\u00edodo legislativo de 2014. Em pauta a discuss\u00e3o sobre o Concurso para provimento de vagas para funcion\u00e1rios do Legislativo Municipal. Segundo o presidente, vereador Ronaldo Birunda, o concurso \u00e9 uma orienta\u00e7\u00f5es do Tribunal de Contas do Estado (TCE). <\/font><font size=\"3\" face=\"Arial\">O ponto alto da Se\u00e7\u00e3o, contudo, foi a mo\u00e7\u00e3o de aplauso para o diretor do hospital municipal, Eduardo Gomes Maciel, que vem se empenhando no servi\u00e7o \u00e0 frente daquela Unidade de sa\u00fade.<\/font> <\/p>\n<p align=\"justify\"><font size=\"3\" face=\"Arial\">A mo\u00e7\u00e3o de autoria da vereadora Vilma L\u00facia Ferreira (Vilma da Prata), e subscrita pelos vereadores Tisley Vicente, Maria Adriana Florentino, Wellington de Freitas e Jos\u00e9 de Fran\u00e7a Leite (Barba), representa o reconhecimento do Legislativo Municipal. A vereadora Vilma da Prata, destacou o trabalho realizado por Eduardo Maciel. \u201cEduardo recebe cada paciente no hospital, como sendo algu\u00e9m importante para sua vida, algu\u00e9m de sua fam\u00edlia. Ele tem sido coerente em suas decis\u00f5es, tratando a popula\u00e7\u00e3o sempre com tranquilidade, conforme o cargo requer\u201d, destacou a vereadora.<\/font> <\/p>\n<p align=\"justify\"><font size=\"3\" face=\"Arial\">\u201cEu s\u00f3 tenho a agradecer a Deus pelas coisas que est\u00e3o acontecendo na minha vida. Agrade\u00e7o ao prefeito Ricardo Alves e a voc\u00eas vereadores que confiam em mim. \u00c0 popula\u00e7\u00e3o, eu digo que o fa\u00e7o, fa\u00e7o com muito carinho e sempre darei o melhor de mim para bem servir a popula\u00e7\u00e3o\u201d. Disse Eduardo. <\/font><font size=\"3\" face=\"Arial\">Apesar da jovialidade, Eduardo tem demonstrado compet\u00eancia e acima de tudo, um jeito especial de cativar amigos e usu\u00e1rios da sa\u00fade. Filho do ex-vereador Ant\u00f4nio Felizardo Maciel (in memorian) e Marinalva Gomes, o diretor do Hospital Municipal Josina Godoy vive um momento de gra\u00e7a, pela maneira como tem administrado a Unidade, uma das mais complexas de uma gest\u00e3o p\u00fablica.<\/font> <\/p>\n<p align=\"justify\"><font size=\"3\" face=\"Arial Black\">Fonte&nbsp; &#8211;&nbsp; Ascom da Prefeitura de Salo\u00e1 (Texto do Jornalista Geraldo Mouret).<\/font><\/p>\n<div style=\"margin-top: 0px; margin-bottom: 0px;\" class=\"sharethis-inline-share-buttons\" ><\/div>","protected":false},"excerpt":{"rendered":"<p>A C\u00e2mara de Salo\u00e1, realizou nesta quinta-feira (13\/02) sua 6\u00aa Se\u00e7\u00e3o Ordin\u00e1ria do primeiro per\u00edodo legislativo de 2014. Em pauta a discuss\u00e3o sobre o Concurso para provimento de vagas para funcion\u00e1rios do Legislativo Municipal. Segundo o presidente, vereador Ronaldo Birunda, o concurso \u00e9 uma orienta\u00e7\u00f5es do Tribunal de Contas do Estado (TCE). O ponto alto [&hellip;]<\/p>\n","protected":false},"author":1,"featured_media":0,"comment_status":"open","ping_status":"open","sticky":false,"template":"","format":"standard","meta":{"footnotes":""},"categories":[2],"tags":[],"class_list":["post-644","post","type-post","status-publish","format-standard","hentry","category-noticias-do-dia"],"_links":{"self":[{"href":"https:\/\/www.saloanoticias.com\/v1\/wp-json\/wp\/v2\/posts\/644","targetHints":{"allow":["GET"]}}],"collection":[{"href":"https:\/\/www.saloanoticias.com\/v1\/wp-json\/wp\/v2\/posts"}],"about":[{"href":"https:\/\/www.saloanoticias.com\/v1\/wp-json\/wp\/v2\/types\/post"}],"author":[{"embeddable":true,"href":"https:\/\/www.saloanoticias.com\/v1\/wp-json\/wp\/v2\/users\/1"}],"replies":[{"embeddable":true,"href":"https:\/\/www.saloanoticias.com\/v1\/wp-json\/wp\/v2\/comments?post=644"}],"version-history":[{"count":0,"href":"https:\/\/www.saloanoticias.com\/v1\/wp-json\/wp\/v2\/posts\/644\/revisions"}],"wp:attachment":[{"href":"https:\/\/www.saloanoticias.com\/v1\/wp-json\/wp\/v2\/media?parent=644"}],"wp:term":[{"taxonomy":"category","embeddable":true,"href":"https:\/\/www.saloanoticias.com\/v1\/wp-json\/wp\/v2\/categories?post=644"},{"taxonomy":"post_tag","embeddable":true,"href":"https:\/\/www.saloanoticias.com\/v1\/wp-json\/wp\/v2\/tags?post=644"}],"curies":[{"name":"wp","href":"https:\/\/api.w.org\/{rel}","templated":true}]}}