{"id":643,"date":"2014-02-13T17:24:31","date_gmt":"2014-02-13T17:24:31","guid":{"rendered":"https:\/\/saloanoticias.mrmediaweb.com\/v1\/2014\/02\/13\/saloa-tera-mais-um-psf-nos-proximos-meses\/"},"modified":"2014-02-13T17:24:31","modified_gmt":"2014-02-13T17:24:31","slug":"saloa-tera-mais-um-psf-nos-proximos-meses","status":"publish","type":"post","link":"https:\/\/www.saloanoticias.com\/v1\/saloa-tera-mais-um-psf-nos-proximos-meses\/","title":{"rendered":"SALO\u00c1 TER\u00c1 MAIS UM PSF NOS PR\u00d3XIMOS MESES"},"content":{"rendered":"<p align=\"justify\"><font size=\"3\" face=\"Arial\"><a href=\"http:\/\/www.saloanoticias.com\/images\/joana-darc.jpg\"><img loading=\"lazy\" decoding=\"async\" title=\"Joana Darc\" style=\"border-top: 0px; border-right: 0px; background-image: none; border-bottom: 0px; float: left; padding-top: 0px; padding-left: 0px; margin: 5px 5px 0px 0px; border-left: 0px; display: inline; padding-right: 0px\" border=\"0\" alt=\"Joana Darc\" src=\"http:\/\/www.saloanoticias.com\/v1\/wp-content\/uploads\/imagens\/joana-darc_thumb.jpg\" width=\"291\" align=\"left\" height=\"195\"><\/a>Na pr\u00f3xima quarta-feira, Salo\u00e1 estar\u00e1 recebendo uma equipe do Minist\u00e9rio da Sa\u00fade que inspeciona o programa Mais M\u00e9dicos. A visita \u00e9 comum e est\u00e1 acontecendo em todas as cidades que aderiram ao programa no Brasil. O Programa Mais M\u00e9dicos faz parte de um amplo pacto de melhoria do atendimento aos usu\u00e1rios do Sistema \u00danico de Sa\u00fade, que prev\u00ea mais investimentos em infraestrutura dos hospitais e unidades de sa\u00fade, al\u00e9m de levar mais m\u00e9dicos para regi\u00f5es onde h\u00e1 escassez e aus\u00eancia de profissionais.<\/font> <\/p>\n<p align=\"justify\"><font size=\"3\" face=\"Arial\">Salo\u00e1\/PE conta com duas m\u00e9dias cubanas que atuam nos PSFs Ant\u00f4nio de Barros, na Cohab e Virgem dos Pobres, no distrito de Iatec\u00e1. Desde que o programa teve in\u00edcio no munic\u00edpio houve uma significativa melhoria no atendimento. Os m\u00e9dicos cubanas representam ainda, uma economia para o governo municipal de Salo\u00e1, que vem se empenhando na implanta\u00e7\u00e3o de novos PSF\u2019s. Segundo a secret\u00e1ria de sa\u00fade, Joana D\u2019\u00e1rc Ferreira a cidade contar\u00e1 em breve com mais um PSF, necessitando fazer nova distribui\u00e7\u00e3o do servi\u00e7o por \u00e1rea e setor.<\/font> <\/p>\n<p align=\"justify\"><font size=\"3\" face=\"Arial Black\">Fonte&nbsp; &#8211;&nbsp; Ascom\/Prefeitura de Salo\u00e1\/PE (Texto do Jornalista Geraldo Mouret)<\/font><\/p>\n<div style=\"margin-top: 0px; margin-bottom: 0px;\" class=\"sharethis-inline-share-buttons\" ><\/div>","protected":false},"excerpt":{"rendered":"<p>Na pr\u00f3xima quarta-feira, Salo\u00e1 estar\u00e1 recebendo uma equipe do Minist\u00e9rio da Sa\u00fade que inspeciona o programa Mais M\u00e9dicos. A visita \u00e9 comum e est\u00e1 acontecendo em todas as cidades que aderiram ao programa no Brasil. O Programa Mais M\u00e9dicos faz parte de um amplo pacto de melhoria do atendimento aos usu\u00e1rios do Sistema \u00danico de [&hellip;]<\/p>\n","protected":false},"author":1,"featured_media":0,"comment_status":"open","ping_status":"open","sticky":false,"template":"","format":"standard","meta":{"footnotes":""},"categories":[2],"tags":[],"class_list":["post-643","post","type-post","status-publish","format-standard","hentry","category-noticias-do-dia"],"_links":{"self":[{"href":"https:\/\/www.saloanoticias.com\/v1\/wp-json\/wp\/v2\/posts\/643","targetHints":{"allow":["GET"]}}],"collection":[{"href":"https:\/\/www.saloanoticias.com\/v1\/wp-json\/wp\/v2\/posts"}],"about":[{"href":"https:\/\/www.saloanoticias.com\/v1\/wp-json\/wp\/v2\/types\/post"}],"author":[{"embeddable":true,"href":"https:\/\/www.saloanoticias.com\/v1\/wp-json\/wp\/v2\/users\/1"}],"replies":[{"embeddable":true,"href":"https:\/\/www.saloanoticias.com\/v1\/wp-json\/wp\/v2\/comments?post=643"}],"version-history":[{"count":0,"href":"https:\/\/www.saloanoticias.com\/v1\/wp-json\/wp\/v2\/posts\/643\/revisions"}],"wp:attachment":[{"href":"https:\/\/www.saloanoticias.com\/v1\/wp-json\/wp\/v2\/media?parent=643"}],"wp:term":[{"taxonomy":"category","embeddable":true,"href":"https:\/\/www.saloanoticias.com\/v1\/wp-json\/wp\/v2\/categories?post=643"},{"taxonomy":"post_tag","embeddable":true,"href":"https:\/\/www.saloanoticias.com\/v1\/wp-json\/wp\/v2\/tags?post=643"}],"curies":[{"name":"wp","href":"https:\/\/api.w.org\/{rel}","templated":true}]}}