{"id":642,"date":"2014-02-13T16:25:49","date_gmt":"2014-02-13T16:25:49","guid":{"rendered":"https:\/\/saloanoticias.mrmediaweb.com\/v1\/2014\/02\/13\/armando-quer-mais-rigor-para-atos-de-vandalismo\/"},"modified":"2014-02-13T16:25:49","modified_gmt":"2014-02-13T16:25:49","slug":"armando-quer-mais-rigor-para-atos-de-vandalismo","status":"publish","type":"post","link":"https:\/\/www.saloanoticias.com\/v1\/armando-quer-mais-rigor-para-atos-de-vandalismo\/","title":{"rendered":"ARMANDO QUER MAIS RIGOR PARA ATOS DE VANDALISMO"},"content":{"rendered":"<p align=\"justify\"><font face=\"Arial\"><font size=\"3\"><strong><a href=\"http:\/\/www.saloanoticias.com\/images\/senador_armando_monteiro.1.jpg\"><img loading=\"lazy\" decoding=\"async\" title=\"Senador_Armando_Monteiro.1\" style=\"border-top: 0px; border-right: 0px; background-image: none; border-bottom: 0px; float: none; padding-top: 0px; padding-left: 0px; margin: 0px auto 10px; border-left: 0px; display: block; padding-right: 0px\" border=\"0\" alt=\"Senador_Armando_Monteiro.1\" src=\"http:\/\/www.saloanoticias.com\/v1\/wp-content\/uploads\/imagens\/senador_armando_monteiro.1_thumb.jpg\" width=\"544\" height=\"365\"><\/a>Bras\u00edlia &#8211;<\/strong> A morte do cinegrafista da TV Bandeirantes, Santiago Andrade, em consequ\u00eancia do ferimento causado por um roj\u00e3o quando registrava um protesto no Rio de Janeiro, foi lamentada e condenada pelo senador Armando Monteiro (PTB-PE) durante discurso no Senado, na noite desta ter\u00e7a-feira (11). Para Armando, o acontecimento refor\u00e7a a import\u00e2ncia da aprecia\u00e7\u00e3o do projeto de sua autoria que caracteriza crime de vandalismo a promo\u00e7\u00e3o de atos coletivos de destrui\u00e7\u00e3o, dano ou inc\u00eandio em im\u00f3veis p\u00fablicos ou particulares, equipamentos urbanos, instala\u00e7\u00f5es de meios de transporte de passageiros, ve\u00edculos e monumentos, estabelecendo penas de multa ou reclus\u00e3o de 4 a 12 anos de pris\u00e3o (PLS 508\/2013).<\/font><\/font><\/p>\n<p align=\"justify\"><font face=\"Arial\"><font size=\"3\">Segundo Armando, a proposta busca punir com rigor e celeridade quem pratica esses atos. \u201cTemos a obriga\u00e7\u00e3o de tratar a realidade como ela \u00e9. Os respons\u00e1veis pela morte de Santiago Andrade n\u00e3o s\u00e3o simples manifestantes, militantes de movimentos sociais ou Black Blocs. Merecem puni\u00e7\u00e3o rigorosa e c\u00e9lere, compat\u00edvel com a enormidade que cometeram\u201d, salientou. Para Armando, as pessoas que mataram o profissional feriram a liberdade democr\u00e1tica, subvertendo o direito \u00e0 livre manifesta\u00e7\u00e3o e o direito de protestar e questionar os poderes constitu\u00eddos. \u201cQuem viola a lei precisa ser punido\u201d, defendeu.<\/font><\/font><\/p>\n<p align=\"justify\"><font face=\"Arial\"><font size=\"3\">O projeto de lei proposto por Armando foi apresentado em 2013. A mat\u00e9ria est\u00e1 hoje na Comiss\u00e3o de Constitui\u00e7\u00e3o, Justi\u00e7a e Cidadania (CCJ), no entanto, ainda n\u00e3o foi distribu\u00edda pela mesa da Comiss\u00e3o, ou seja, n\u00e3o foi designado relator. A expectativa do senador \u00e9 de que a mesa possa deliberar rapidamente sobre a mat\u00e9ria. \u201cA r\u00e1pida transforma\u00e7\u00e3o em lei dessa proposta enviaria uma mensagem concreta, firme e longamente esperada por todos os cidad\u00e3os brasileiros\u201d, destacou.<\/font><\/font><\/p>\n<p align=\"justify\"><font size=\"3\" face=\"Arial Black\">Cr\u00e9dito da mat\u00e9ria&nbsp; &#8211;&nbsp; Ana Luiza Sousa<\/font><\/p>\n<div style=\"margin-top: 0px; margin-bottom: 0px;\" class=\"sharethis-inline-share-buttons\" ><\/div>","protected":false},"excerpt":{"rendered":"<p>Bras\u00edlia &#8211; A morte do cinegrafista da TV Bandeirantes, Santiago Andrade, em consequ\u00eancia do ferimento causado por um roj\u00e3o quando registrava um protesto no Rio de Janeiro, foi lamentada e condenada pelo senador Armando Monteiro (PTB-PE) durante discurso no Senado, na noite desta ter\u00e7a-feira (11). Para Armando, o acontecimento refor\u00e7a a import\u00e2ncia da aprecia\u00e7\u00e3o do [&hellip;]<\/p>\n","protected":false},"author":1,"featured_media":0,"comment_status":"open","ping_status":"open","sticky":false,"template":"","format":"standard","meta":{"footnotes":""},"categories":[2],"tags":[],"class_list":["post-642","post","type-post","status-publish","format-standard","hentry","category-noticias-do-dia"],"_links":{"self":[{"href":"https:\/\/www.saloanoticias.com\/v1\/wp-json\/wp\/v2\/posts\/642","targetHints":{"allow":["GET"]}}],"collection":[{"href":"https:\/\/www.saloanoticias.com\/v1\/wp-json\/wp\/v2\/posts"}],"about":[{"href":"https:\/\/www.saloanoticias.com\/v1\/wp-json\/wp\/v2\/types\/post"}],"author":[{"embeddable":true,"href":"https:\/\/www.saloanoticias.com\/v1\/wp-json\/wp\/v2\/users\/1"}],"replies":[{"embeddable":true,"href":"https:\/\/www.saloanoticias.com\/v1\/wp-json\/wp\/v2\/comments?post=642"}],"version-history":[{"count":0,"href":"https:\/\/www.saloanoticias.com\/v1\/wp-json\/wp\/v2\/posts\/642\/revisions"}],"wp:attachment":[{"href":"https:\/\/www.saloanoticias.com\/v1\/wp-json\/wp\/v2\/media?parent=642"}],"wp:term":[{"taxonomy":"category","embeddable":true,"href":"https:\/\/www.saloanoticias.com\/v1\/wp-json\/wp\/v2\/categories?post=642"},{"taxonomy":"post_tag","embeddable":true,"href":"https:\/\/www.saloanoticias.com\/v1\/wp-json\/wp\/v2\/tags?post=642"}],"curies":[{"name":"wp","href":"https:\/\/api.w.org\/{rel}","templated":true}]}}