{"id":641,"date":"2014-02-13T01:34:26","date_gmt":"2014-02-13T01:34:26","guid":{"rendered":"https:\/\/saloanoticias.mrmediaweb.com\/v1\/2014\/02\/13\/associacao-comunitaria-da-prata-recebe-premio-em-saloa\/"},"modified":"2014-02-13T01:34:26","modified_gmt":"2014-02-13T01:34:26","slug":"associacao-comunitaria-da-prata-recebe-premio-em-saloa","status":"publish","type":"post","link":"https:\/\/www.saloanoticias.com\/v1\/associacao-comunitaria-da-prata-recebe-premio-em-saloa\/","title":{"rendered":"ASSOCIA\u00c7\u00c3O COMUNIT\u00c1RIA DA PRATA RECEBE PR\u00caMIO EM SALO\u00c1"},"content":{"rendered":"<p align=\"justify\"><font size=\"3\" face=\"Arial\"><a href=\"http:\/\/www.saloanoticias.com\/images\/roberto-e-marinete_5520e698d0bae3b7783fa94d1842b59f.jpg\"><img loading=\"lazy\" decoding=\"async\" title=\"Roberto e Marinete\" style=\"border-top: 0px; border-right: 0px; background-image: none; border-bottom: 0px; float: none; padding-top: 0px; padding-left: 0px; margin: 0px auto 10px; border-left: 0px; display: block; padding-right: 0px\" border=\"0\" alt=\"Roberto e Marinete\" src=\"http:\/\/www.saloanoticias.com\/v1\/wp-content\/uploads\/imagens\/roberto-e-marinete_thumb_390c3abce3312b297ae2788b7d88ef2e.jpg\" width=\"453\" height=\"466\"><\/a>A <font face=\"Arial Black\">Associa\u00e7\u00e3o dos Pequenos Agricultores da Vila de Iatec\u00e1 (Prata)<\/font> tamb\u00e9m recebeu o merecido pr\u00eamio de revela\u00e7\u00e3o 2013, este, que foi concedido \u00e0quela entidade depois de indicada pela popula\u00e7\u00e3o da Prata em pesquisa realizada neste m\u00eas de janeiro de 2014. Representada por Roberto da Prata que \u00e9 presidente, e que tem como vice, Edson do Conselho, a associa\u00e7\u00e3o se destacou pelas a\u00e7\u00f5es j\u00e1 realizadas em apenas pouco mais de um ano de funda\u00e7\u00e3o. O pr\u00eamio foi recebido pelo presidente, Roberto, ao lado de sua dign\u00edssima esposa Marinete Barros. Parab\u00e9ns a todos da comunidade da Prata pelo reconhecimento e pelo destaque.<\/font><\/p>\n<p align=\"justify\"><a href=\"http:\/\/www.saloanoticias.com\/images\/br_94bbb8819fe6fbae992f02b637f0a5f4.jpg\"><img loading=\"lazy\" decoding=\"async\" title=\"br\" style=\"border-left-width: 0px; border-right-width: 0px; background-image: none; border-bottom-width: 0px; float: none; padding-top: 0px; padding-left: 0px; margin: 10px auto; display: block; padding-right: 0px; border-top-width: 0px\" border=\"0\" alt=\"br\" src=\"http:\/\/www.saloanoticias.com\/v1\/wp-content\/uploads\/imagens\/br_thumb_cc7a9e51195d39510c18f5939df5ef31.jpg\" width=\"451\" height=\"385\"><\/a><\/p>\n<p><a href=\"http:\/\/www.saloanoticias.com\/images\/desfiledsc_4106.jpg\"><img loading=\"lazy\" decoding=\"async\" title=\"desfileDSC_4106\" style=\"border-left-width: 0px; border-right-width: 0px; background-image: none; border-bottom-width: 0px; float: none; padding-top: 0px; padding-left: 0px; margin: 10px auto; display: block; padding-right: 0px; border-top-width: 0px\" border=\"0\" alt=\"desfileDSC_4106\" src=\"http:\/\/www.saloanoticias.com\/v1\/wp-content\/uploads\/imagens\/desfiledsc_4106_thumb.jpg\" width=\"451\" height=\"330\"><\/a><\/p>\n<div style=\"margin-top: 0px; margin-bottom: 0px;\" class=\"sharethis-inline-share-buttons\" ><\/div>","protected":false},"excerpt":{"rendered":"<p>A Associa\u00e7\u00e3o dos Pequenos Agricultores da Vila de Iatec\u00e1 (Prata) tamb\u00e9m recebeu o merecido pr\u00eamio de revela\u00e7\u00e3o 2013, este, que foi concedido \u00e0quela entidade depois de indicada pela popula\u00e7\u00e3o da Prata em pesquisa realizada neste m\u00eas de janeiro de 2014. Representada por Roberto da Prata que \u00e9 presidente, e que tem como vice, Edson do [&hellip;]<\/p>\n","protected":false},"author":1,"featured_media":0,"comment_status":"open","ping_status":"open","sticky":false,"template":"","format":"standard","meta":{"footnotes":""},"categories":[2],"tags":[],"class_list":["post-641","post","type-post","status-publish","format-standard","hentry","category-noticias-do-dia"],"_links":{"self":[{"href":"https:\/\/www.saloanoticias.com\/v1\/wp-json\/wp\/v2\/posts\/641","targetHints":{"allow":["GET"]}}],"collection":[{"href":"https:\/\/www.saloanoticias.com\/v1\/wp-json\/wp\/v2\/posts"}],"about":[{"href":"https:\/\/www.saloanoticias.com\/v1\/wp-json\/wp\/v2\/types\/post"}],"author":[{"embeddable":true,"href":"https:\/\/www.saloanoticias.com\/v1\/wp-json\/wp\/v2\/users\/1"}],"replies":[{"embeddable":true,"href":"https:\/\/www.saloanoticias.com\/v1\/wp-json\/wp\/v2\/comments?post=641"}],"version-history":[{"count":0,"href":"https:\/\/www.saloanoticias.com\/v1\/wp-json\/wp\/v2\/posts\/641\/revisions"}],"wp:attachment":[{"href":"https:\/\/www.saloanoticias.com\/v1\/wp-json\/wp\/v2\/media?parent=641"}],"wp:term":[{"taxonomy":"category","embeddable":true,"href":"https:\/\/www.saloanoticias.com\/v1\/wp-json\/wp\/v2\/categories?post=641"},{"taxonomy":"post_tag","embeddable":true,"href":"https:\/\/www.saloanoticias.com\/v1\/wp-json\/wp\/v2\/tags?post=641"}],"curies":[{"name":"wp","href":"https:\/\/api.w.org\/{rel}","templated":true}]}}