{"id":640,"date":"2014-02-13T12:00:00","date_gmt":"2014-02-13T12:00:00","guid":{"rendered":"https:\/\/saloanoticias.mrmediaweb.com\/v1\/2014\/02\/13\/segundo-encontro-de-blogueiros-de-saloa-acontecera-em-junho\/"},"modified":"2014-02-13T12:00:00","modified_gmt":"2014-02-13T12:00:00","slug":"segundo-encontro-de-blogueiros-de-saloa-acontecera-em-junho","status":"publish","type":"post","link":"https:\/\/www.saloanoticias.com\/v1\/segundo-encontro-de-blogueiros-de-saloa-acontecera-em-junho\/","title":{"rendered":"SEGUNDO ENCONTRO DE BLOGUEIROS EM SALO\u00c1 ACONTECER\u00c1 EM JUNHO"},"content":{"rendered":"<p align=\"justify\"><font size=\"3\" face=\"Arial\"><a href=\"http:\/\/www.saloanoticias.com\/images\/ronaldinho-e-lissandro_7eccd47b8f657e39f568db633cff65fa.jpg\"><img loading=\"lazy\" decoding=\"async\" title=\"Ronaldinho e Lissandro\" style=\"border-top: 0px; border-right: 0px; background-image: none; border-bottom: 0px; float: none; padding-top: 0px; padding-left: 0px; margin: 0px auto 10px; border-left: 0px; display: block; padding-right: 0px\" border=\"0\" alt=\"Ronaldinho e Lissandro\" src=\"http:\/\/www.saloanoticias.com\/v1\/wp-content\/uploads\/imagens\/ronaldinho-e-lissandro_thumb_68424d503deb99de7f932f3ee3c94454.jpg\" width=\"566\" height=\"375\"><\/a>Est\u00e1 confirmado o <font face=\"Arial Black\">Segundo<\/font> <font face=\"Arial Black\">Encontro de Blogueiros na cidade de Salo\u00e1\/PE<\/font>. A informa\u00e7\u00e3o foi repassada essa semana pela diretoria da <font face=\"Arial Black\">ABLOGPE (Associa\u00e7\u00e3o dos Blogueiros de Pernambuco)<\/font> representada na regi\u00e3o pelo diretor executivo da entidade, Cl\u00e1udio Andr\u00e9 o Poeta, de Bom Conselho. Salo\u00e1 sediar\u00e1 mais uma vez este encontro que j\u00e1 foi realizado em v\u00e1rias cidades do estado e que volta ao munic\u00edpio. A dia ainda n\u00e3o est\u00e1 definido, mas, o m\u00eas ser\u00e1 junho de 2014, provavelmente em um dos finais de semana de festa junina na cidade.<\/font><\/p>\n<p align=\"justify\"><a href=\"http:\/\/www.saloanoticias.com\/images\/ablogpe.jpg\"><img loading=\"lazy\" decoding=\"async\" title=\"Ablogpe\" style=\"border-top: 0px; border-right: 0px; background-image: none; border-bottom: 0px; float: none; padding-top: 0px; padding-left: 0px; margin: 10px auto; border-left: 0px; display: block; padding-right: 0px\" border=\"0\" alt=\"Ablogpe\" src=\"http:\/\/www.saloanoticias.com\/v1\/wp-content\/uploads\/imagens\/ablogpe_thumb.jpg\" width=\"561\" height=\"372\"><\/a><\/p>\n<p align=\"justify\"><font size=\"3\" face=\"Arial\">Ano passado o encontro reuniu v\u00e1rios profissionais da m\u00eddia digital vindos dos quatro cantos de Pernambuco e foi bastante produtivo para todos os participantes. Segundo o blogueiro Ronaldinho Birunda, um dos organizadores do evento, o local da reuni\u00e3o ser\u00e1 de novo no plen\u00e1rio da c\u00e2mara dos vereadores da cidade, localizada na Pra\u00e7a S\u00e3o Vicente, n.\u00ba 31, no Centro da cidade, como aconteceu no ano passado. Ainda segundo Ronaldinho, poder\u00e3o participar n\u00e3o apenas blogueiros mas, tamb\u00e9m usu\u00e1rios das mais variadas plataformas de intera\u00e7\u00e3o midi\u00e1tica e digital como facebooqueiros, twiiteiros, orkuteiros, internautas e demais pessoas que queiram saber mais sobre o assunto.<\/font><\/p>\n<p align=\"justify\"><font size=\"3\" face=\"Arial\">Ele informa ainda que as inscri\u00e7\u00f5es ser\u00e3o totalmente gratuitas. Na foto acima, vemos Ronaldinho ao lado de Lissandro Nascimento, presidente da Associa\u00e7\u00e3o dos Blogueiros de Pernambuco&nbsp; &#8211;&nbsp; ABLOGPE em um evento realizado na Assembleia Legislativa na capital do estado no ano de 2013.<\/font><\/p>\n<div style=\"margin-top: 0px; margin-bottom: 0px;\" class=\"sharethis-inline-share-buttons\" ><\/div>","protected":false},"excerpt":{"rendered":"<p>Est\u00e1 confirmado o Segundo Encontro de Blogueiros na cidade de Salo\u00e1\/PE. A informa\u00e7\u00e3o foi repassada essa semana pela diretoria da ABLOGPE (Associa\u00e7\u00e3o dos Blogueiros de Pernambuco) representada na regi\u00e3o pelo diretor executivo da entidade, Cl\u00e1udio Andr\u00e9 o Poeta, de Bom Conselho. Salo\u00e1 sediar\u00e1 mais uma vez este encontro que j\u00e1 foi realizado em v\u00e1rias cidades [&hellip;]<\/p>\n","protected":false},"author":1,"featured_media":0,"comment_status":"open","ping_status":"open","sticky":false,"template":"","format":"standard","meta":{"footnotes":""},"categories":[2],"tags":[],"class_list":["post-640","post","type-post","status-publish","format-standard","hentry","category-noticias-do-dia"],"_links":{"self":[{"href":"https:\/\/www.saloanoticias.com\/v1\/wp-json\/wp\/v2\/posts\/640","targetHints":{"allow":["GET"]}}],"collection":[{"href":"https:\/\/www.saloanoticias.com\/v1\/wp-json\/wp\/v2\/posts"}],"about":[{"href":"https:\/\/www.saloanoticias.com\/v1\/wp-json\/wp\/v2\/types\/post"}],"author":[{"embeddable":true,"href":"https:\/\/www.saloanoticias.com\/v1\/wp-json\/wp\/v2\/users\/1"}],"replies":[{"embeddable":true,"href":"https:\/\/www.saloanoticias.com\/v1\/wp-json\/wp\/v2\/comments?post=640"}],"version-history":[{"count":0,"href":"https:\/\/www.saloanoticias.com\/v1\/wp-json\/wp\/v2\/posts\/640\/revisions"}],"wp:attachment":[{"href":"https:\/\/www.saloanoticias.com\/v1\/wp-json\/wp\/v2\/media?parent=640"}],"wp:term":[{"taxonomy":"category","embeddable":true,"href":"https:\/\/www.saloanoticias.com\/v1\/wp-json\/wp\/v2\/categories?post=640"},{"taxonomy":"post_tag","embeddable":true,"href":"https:\/\/www.saloanoticias.com\/v1\/wp-json\/wp\/v2\/tags?post=640"}],"curies":[{"name":"wp","href":"https:\/\/api.w.org\/{rel}","templated":true}]}}