{"id":638,"date":"2014-02-12T22:19:00","date_gmt":"2014-02-12T22:19:00","guid":{"rendered":"https:\/\/saloanoticias.mrmediaweb.com\/v1\/2014\/02\/12\/capotaria-sao-paulo-presta-servicos-em-garanhuns-e-regiao\/"},"modified":"2014-02-12T22:19:00","modified_gmt":"2014-02-12T22:19:00","slug":"capotaria-sao-paulo-presta-servicos-em-garanhuns-e-regiao","status":"publish","type":"post","link":"https:\/\/www.saloanoticias.com\/v1\/capotaria-sao-paulo-presta-servicos-em-garanhuns-e-regiao\/","title":{"rendered":"CAPOTARIA S\u00c3O PAULO PRESTA SERVI\u00c7OS EM GARANHUNS E REGI\u00c3O"},"content":{"rendered":"<p align=\"justify\"><font size=\"3\" face=\"Arial\"><a href=\"http:\/\/www.saloanoticias.com\/images\/capotaria_95d92db396a9cdb77cc4d98640569592.png\"><img loading=\"lazy\" decoding=\"async\" title=\"Capotaria\" style=\"border-top: 0px; border-right: 0px; background-image: none; border-bottom: 0px; float: none; padding-top: 0px; padding-left: 0px; margin: 0px auto 10px; border-left: 0px; display: block; padding-right: 0px\" border=\"0\" alt=\"Capotaria\" src=\"http:\/\/www.saloanoticias.com\/v1\/wp-content\/uploads\/imagens\/capotaria_thumb_af242a8ac62560a685109ec4a0417fbc.png\" width=\"497\" height=\"331\"><\/a>Chegou a hora de reformar o estofado de seu ve\u00edculo ou de seus m\u00f3veis domiciliares ? N\u00e3o perca tempo e entre em contato agora mesmo com a <font face=\"Arial Black\">Capotaria S\u00e3o Paulo<\/font> que faz a sua reforma e deixa seus estofados novinhos em folha. Ligue-nos agora e fa\u00e7a seu or\u00e7amento, teremos a maior satisfa\u00e7\u00e3o em lhe atender sempre com os menores pre\u00e7os da pra\u00e7a. A nossa empresa fica localizada na Avenida Bar\u00e3o de Nazar\u00e9, n.\u00ba 1375, no Bairro da Bras\u00edlia na cidade de Garanhuns.<\/font><\/p>\n<p align=\"justify\"><font size=\"3\" face=\"Arial\">Nossos telefones s\u00e3o os seguintes: <font face=\"Arial Black\">(87) 9924 \u2013 4109 \/ 8102 \u2013 1763 \/ 9114 \u2013 6118<\/font>. A <font face=\"Arial Black\">Capotaria S\u00e3o Paulo<\/font> tem a organiza\u00e7\u00e3o do amigo Paulo Alves. Se voc\u00ea preferir entre em contato conosco atrav\u00e9s do e-mail <a href=\"http:\/\/www.capotariasaopaulo@hotmail.com\">www.capotariasaopaulo@hotmail.com<\/a>. <font face=\"Arial Black\">Capotaria S\u00e3o Paulo<\/font>, seu estofado em boas m\u00e3os !<\/font><\/p>\n<div style=\"margin-top: 0px; margin-bottom: 0px;\" class=\"sharethis-inline-share-buttons\" ><\/div>","protected":false},"excerpt":{"rendered":"<p>Chegou a hora de reformar o estofado de seu ve\u00edculo ou de seus m\u00f3veis domiciliares ? N\u00e3o perca tempo e entre em contato agora mesmo com a Capotaria S\u00e3o Paulo que faz a sua reforma e deixa seus estofados novinhos em folha. Ligue-nos agora e fa\u00e7a seu or\u00e7amento, teremos a maior satisfa\u00e7\u00e3o em lhe atender [&hellip;]<\/p>\n","protected":false},"author":1,"featured_media":0,"comment_status":"open","ping_status":"open","sticky":false,"template":"","format":"standard","meta":{"footnotes":""},"categories":[2],"tags":[],"class_list":["post-638","post","type-post","status-publish","format-standard","hentry","category-noticias-do-dia"],"_links":{"self":[{"href":"https:\/\/www.saloanoticias.com\/v1\/wp-json\/wp\/v2\/posts\/638","targetHints":{"allow":["GET"]}}],"collection":[{"href":"https:\/\/www.saloanoticias.com\/v1\/wp-json\/wp\/v2\/posts"}],"about":[{"href":"https:\/\/www.saloanoticias.com\/v1\/wp-json\/wp\/v2\/types\/post"}],"author":[{"embeddable":true,"href":"https:\/\/www.saloanoticias.com\/v1\/wp-json\/wp\/v2\/users\/1"}],"replies":[{"embeddable":true,"href":"https:\/\/www.saloanoticias.com\/v1\/wp-json\/wp\/v2\/comments?post=638"}],"version-history":[{"count":0,"href":"https:\/\/www.saloanoticias.com\/v1\/wp-json\/wp\/v2\/posts\/638\/revisions"}],"wp:attachment":[{"href":"https:\/\/www.saloanoticias.com\/v1\/wp-json\/wp\/v2\/media?parent=638"}],"wp:term":[{"taxonomy":"category","embeddable":true,"href":"https:\/\/www.saloanoticias.com\/v1\/wp-json\/wp\/v2\/categories?post=638"},{"taxonomy":"post_tag","embeddable":true,"href":"https:\/\/www.saloanoticias.com\/v1\/wp-json\/wp\/v2\/tags?post=638"}],"curies":[{"name":"wp","href":"https:\/\/api.w.org\/{rel}","templated":true}]}}