{"id":637,"date":"2014-02-12T12:52:14","date_gmt":"2014-02-12T12:52:14","guid":{"rendered":"https:\/\/saloanoticias.mrmediaweb.com\/v1\/2014\/02\/12\/governo-de-saloa-entrega-certificados-de-cursos-profissionalizantes\/"},"modified":"2014-02-12T12:52:14","modified_gmt":"2014-02-12T12:52:14","slug":"governo-de-saloa-entrega-certificados-de-cursos-profissionalizantes","status":"publish","type":"post","link":"https:\/\/www.saloanoticias.com\/v1\/governo-de-saloa-entrega-certificados-de-cursos-profissionalizantes\/","title":{"rendered":"A\u00c7\u00c3O SOCIAL EM SALO\u00c1 CONCLUI CURSOS PROFISSIONALIZANTES"},"content":{"rendered":"<p align=\"justify\"><font size=\"3\" face=\"Arial\"><a href=\"http:\/\/www.saloanoticias.com\/images\/certificado-do-curso-de-bombeiro.jpg\"><img loading=\"lazy\" decoding=\"async\" title=\"Certificado do curso de bombeiro\" style=\"border-top: 0px; border-right: 0px; background-image: none; border-bottom: 0px; float: none; padding-top: 0px; padding-left: 0px; margin: 0px auto 10px; border-left: 0px; display: block; padding-right: 0px\" border=\"0\" alt=\"Certificado do curso de bombeiro\" src=\"http:\/\/www.saloanoticias.com\/v1\/wp-content\/uploads\/imagens\/certificado-do-curso-de-bombeiro_thumb.jpg\" width=\"557\" height=\"418\"><\/a>A Secretaria de Assist\u00eancia Social de Salo\u00e1 teve um m\u00eas de janeiro bastante movimentado. Atrav\u00e9s de parcerias com o SENAR e SENAI, o Governo Municipal promoveu cursos de qualifica\u00e7\u00e3o profissional para bombeiros e jardineiros, al\u00e9m do curso de bolos e tortas. Foram capacitados 12 pessoas em cada curso, representante 36 fam\u00edlias beneficiadas. Com carga hor\u00e1ria de 80 h\/a, os alunos tiveram a oportunidade de aprender na pr\u00e1tica uma profiss\u00e3o e novas iniciativas come\u00e7am a surgir, como por exemplo a cooperativa de bolos e tortas, discuss\u00e3o que ficou bastante acentuada na conclus\u00e3o do curso.<\/font> <\/p>\n<p align=\"justify\"><a href=\"http:\/\/www.saloanoticias.com\/images\/certificado-de-bolos-e-tortas.jpg\"><img loading=\"lazy\" decoding=\"async\" title=\"Certificado de bolos e tortas\" style=\"border-top: 0px; border-right: 0px; background-image: none; border-bottom: 0px; float: none; padding-top: 0px; padding-left: 0px; margin: 10px auto; border-left: 0px; display: block; padding-right: 0px\" border=\"0\" alt=\"Certificado de bolos e tortas\" src=\"http:\/\/www.saloanoticias.com\/v1\/wp-content\/uploads\/imagens\/certificado-de-bolos-e-tortas_thumb.jpg\" width=\"551\" height=\"425\"><\/a> <\/p>\n<p align=\"justify\"><font size=\"3\" face=\"Arial\">Na \u00faltima semana, os estudantes receberam certificados de conclus\u00e3o de curso. \u201cA solenidade foi simples mas bastante representativa para cada concluinte e demonstra a valoriza\u00e7\u00e3o profissional que o prefeito Ricardo Alves tem dado a cada pessoa, especialmente as que est\u00e3o ligadas aos servi\u00e7os de assist\u00eancia social\u201d. Destacou o Secret\u00e1rio de Assist\u00eancia Social, Carlos Ouro Preto. <\/font><font size=\"3\" face=\"Arial\">\u201cCom a realiza\u00e7\u00e3o dos cursos, o munic\u00edpio ganha duas vezes. Ganha por estar qualificando pessoas que agora t\u00eam uma profiss\u00e3o para exercer e garantir renda para suas fam\u00edlias.<\/font> <\/p>\n<p align=\"justify\"><font size=\"3\" face=\"Arial\">E ganha porque, foram esses alunos respons\u00e1veis por revitaliza\u00e7\u00e3o de pra\u00e7as e jardins de nossa cidade\u201d. Destacou o prefeito Ricardo Alves, referindo-se aos estudantes do curso de jardinagem. <\/font><font size=\"3\" face=\"Arial\">A Assist\u00eancia Social j\u00e1 formatou uma programa\u00e7\u00e3o com novos cursos para 2014. As parcerias j\u00e1 consolidadas, entre Senar, Senai e Senac, ser\u00e3o mantidas e novas fam\u00edlias tamb\u00e9m ser\u00e3o beneficiadas.<\/font> <\/p>\n<p align=\"justify\"><font size=\"3\" face=\"Arial Black\">Fonte&nbsp; &#8211;&nbsp; Ascom\/Prefeitura de Salo\u00e1 (Texto Geraldo Mouret)<\/font><\/p>\n<div style=\"margin-top: 0px; margin-bottom: 0px;\" class=\"sharethis-inline-share-buttons\" ><\/div>","protected":false},"excerpt":{"rendered":"<p>A Secretaria de Assist\u00eancia Social de Salo\u00e1 teve um m\u00eas de janeiro bastante movimentado. Atrav\u00e9s de parcerias com o SENAR e SENAI, o Governo Municipal promoveu cursos de qualifica\u00e7\u00e3o profissional para bombeiros e jardineiros, al\u00e9m do curso de bolos e tortas. Foram capacitados 12 pessoas em cada curso, representante 36 fam\u00edlias beneficiadas. Com carga hor\u00e1ria [&hellip;]<\/p>\n","protected":false},"author":1,"featured_media":0,"comment_status":"open","ping_status":"open","sticky":false,"template":"","format":"standard","meta":{"footnotes":""},"categories":[2],"tags":[],"class_list":["post-637","post","type-post","status-publish","format-standard","hentry","category-noticias-do-dia"],"_links":{"self":[{"href":"https:\/\/www.saloanoticias.com\/v1\/wp-json\/wp\/v2\/posts\/637","targetHints":{"allow":["GET"]}}],"collection":[{"href":"https:\/\/www.saloanoticias.com\/v1\/wp-json\/wp\/v2\/posts"}],"about":[{"href":"https:\/\/www.saloanoticias.com\/v1\/wp-json\/wp\/v2\/types\/post"}],"author":[{"embeddable":true,"href":"https:\/\/www.saloanoticias.com\/v1\/wp-json\/wp\/v2\/users\/1"}],"replies":[{"embeddable":true,"href":"https:\/\/www.saloanoticias.com\/v1\/wp-json\/wp\/v2\/comments?post=637"}],"version-history":[{"count":0,"href":"https:\/\/www.saloanoticias.com\/v1\/wp-json\/wp\/v2\/posts\/637\/revisions"}],"wp:attachment":[{"href":"https:\/\/www.saloanoticias.com\/v1\/wp-json\/wp\/v2\/media?parent=637"}],"wp:term":[{"taxonomy":"category","embeddable":true,"href":"https:\/\/www.saloanoticias.com\/v1\/wp-json\/wp\/v2\/categories?post=637"},{"taxonomy":"post_tag","embeddable":true,"href":"https:\/\/www.saloanoticias.com\/v1\/wp-json\/wp\/v2\/tags?post=637"}],"curies":[{"name":"wp","href":"https:\/\/api.w.org\/{rel}","templated":true}]}}