{"id":636,"date":"2014-02-11T22:05:29","date_gmt":"2014-02-11T22:05:29","guid":{"rendered":"https:\/\/saloanoticias.mrmediaweb.com\/v1\/2014\/02\/11\/genaldi-perde-de-novo-no-tre-presidente-da-camara-assume-prefeitura\/"},"modified":"2014-02-11T22:05:29","modified_gmt":"2014-02-11T22:05:29","slug":"genaldi-perde-de-novo-no-tre-presidente-da-camara-assume-prefeitura","status":"publish","type":"post","link":"https:\/\/www.saloanoticias.com\/v1\/genaldi-perde-de-novo-no-tre-presidente-da-camara-assume-prefeitura\/","title":{"rendered":"GENALDI PERDE DE NOVO NO TRE\/PE E JAMESSON ASSUME A PREFEITURA"},"content":{"rendered":"<p align=\"justify\"><font size=\"3\" face=\"Arial\"><a href=\"http:\/\/www.saloanoticias.com\/images\/so-joo_0afa43c6d1d88b7416d3903ce662f9d8.jpg\"><img loading=\"lazy\" decoding=\"async\" title=\"S&atilde;o Jo&atilde;o\" style=\"border-left-width: 0px; border-right-width: 0px; background-image: none; border-bottom-width: 0px; float: none; padding-top: 0px; padding-left: 0px; margin: 0px auto 10px; display: block; padding-right: 0px; border-top-width: 0px\" border=\"0\" alt=\"S&atilde;o Jo&atilde;o\" src=\"http:\/\/www.saloanoticias.com\/v1\/wp-content\/uploads\/imagens\/so-joo_thumb_4b22be001df7ee91b9d0e3d5ae859353.jpg\" width=\"555\" height=\"377\"><\/a>O Tribunal Regional Eleitoral (TRE), por seis 6 votos a 0 do pleno, negou o recurso (embargos infringentes) dos advogados do prefeito de S\u00e3o Jo\u00e3o, Genaldi Zumba (PSD) e manteve a cassa\u00e7\u00e3o do gestor e do vice-prefeito Jos\u00e9 Costa. Os dois foram punidos por irregularidades na presta\u00e7\u00e3o das contas da campanha pol\u00edtica de 2012. <\/font><font size=\"3\" face=\"Arial\">Com a decis\u00e3o do TRE, o presidente da C\u00e2mara Municipal, vereador Jamesson Guilherme (PR) assume a prefeitura e deve ficar no cargo desta vez at\u00e9 a realiza\u00e7\u00e3o de uma nova elei\u00e7\u00e3o. O Tribunal ainda hoje deve marcar a data do novo pleito.<\/font>  <\/p>\n<p align=\"justify\"><font size=\"3\" face=\"Arial\">Genaldi, que venceu na elei\u00e7\u00e3o de dois anos atr\u00e1s o advogado N\u00e9lson Barbosa (PSB), ainda tem o direito de recorrer ao Tribunal Superior Eleitoral, mas caso a decis\u00e3o de Recife seja mantida nem ele nem seu vice poder\u00e3o disputar nenhum cargo p\u00fablico nos pr\u00f3ximos 8 anos. <\/font><font size=\"3\" face=\"Arial\">Jamesson Guilherme e Nelson Barbosa s\u00e3o por enquanto os nomes mais cotados para encabe\u00e7arem uma chapa contra o grupo do prefeito cassado.<\/font>  <\/p>\n<p align=\"justify\"><font size=\"3\" face=\"Arial Black\">Fonte&nbsp; &#8211;&nbsp; Blog do Roberto Almeida<\/font><\/p>\n<div style=\"margin-top: 0px; margin-bottom: 0px;\" class=\"sharethis-inline-share-buttons\" ><\/div>","protected":false},"excerpt":{"rendered":"<p>O Tribunal Regional Eleitoral (TRE), por seis 6 votos a 0 do pleno, negou o recurso (embargos infringentes) dos advogados do prefeito de S\u00e3o Jo\u00e3o, Genaldi Zumba (PSD) e manteve a cassa\u00e7\u00e3o do gestor e do vice-prefeito Jos\u00e9 Costa. Os dois foram punidos por irregularidades na presta\u00e7\u00e3o das contas da campanha pol\u00edtica de 2012. Com [&hellip;]<\/p>\n","protected":false},"author":1,"featured_media":0,"comment_status":"open","ping_status":"open","sticky":false,"template":"","format":"standard","meta":{"footnotes":""},"categories":[2],"tags":[],"class_list":["post-636","post","type-post","status-publish","format-standard","hentry","category-noticias-do-dia"],"_links":{"self":[{"href":"https:\/\/www.saloanoticias.com\/v1\/wp-json\/wp\/v2\/posts\/636","targetHints":{"allow":["GET"]}}],"collection":[{"href":"https:\/\/www.saloanoticias.com\/v1\/wp-json\/wp\/v2\/posts"}],"about":[{"href":"https:\/\/www.saloanoticias.com\/v1\/wp-json\/wp\/v2\/types\/post"}],"author":[{"embeddable":true,"href":"https:\/\/www.saloanoticias.com\/v1\/wp-json\/wp\/v2\/users\/1"}],"replies":[{"embeddable":true,"href":"https:\/\/www.saloanoticias.com\/v1\/wp-json\/wp\/v2\/comments?post=636"}],"version-history":[{"count":0,"href":"https:\/\/www.saloanoticias.com\/v1\/wp-json\/wp\/v2\/posts\/636\/revisions"}],"wp:attachment":[{"href":"https:\/\/www.saloanoticias.com\/v1\/wp-json\/wp\/v2\/media?parent=636"}],"wp:term":[{"taxonomy":"category","embeddable":true,"href":"https:\/\/www.saloanoticias.com\/v1\/wp-json\/wp\/v2\/categories?post=636"},{"taxonomy":"post_tag","embeddable":true,"href":"https:\/\/www.saloanoticias.com\/v1\/wp-json\/wp\/v2\/tags?post=636"}],"curies":[{"name":"wp","href":"https:\/\/api.w.org\/{rel}","templated":true}]}}