{"id":635,"date":"2014-02-11T21:22:51","date_gmt":"2014-02-11T21:22:51","guid":{"rendered":"https:\/\/saloanoticias.mrmediaweb.com\/v1\/2014\/02\/11\/sindicato-dos-trabalhadores-rurais-de-saloa-tambem-foi-destaque-em-2013\/"},"modified":"2014-02-11T21:22:51","modified_gmt":"2014-02-11T21:22:51","slug":"sindicato-dos-trabalhadores-rurais-de-saloa-tambem-foi-destaque-em-2013","status":"publish","type":"post","link":"https:\/\/www.saloanoticias.com\/v1\/sindicato-dos-trabalhadores-rurais-de-saloa-tambem-foi-destaque-em-2013\/","title":{"rendered":"SINDICATO DOS TRABALHADORES RURAIS DE SALO\u00c1 TAMB\u00c9M FOI DESTAQUE EM 2013"},"content":{"rendered":"<p align=\"justify\"><font size=\"3\" face=\"Arial\"><a href=\"http:\/\/www.saloanoticias.com\/images\/z-do-padre_c2f0b424d4f716cb0b73f7490e301d2b.jpg\"><img loading=\"lazy\" decoding=\"async\" title=\"Z&eacute; do Padre\" style=\"border-top: 0px; border-right: 0px; background-image: none; border-bottom: 0px; float: none; padding-top: 0px; padding-left: 0px; margin: 0px auto 10px; border-left: 0px; display: block; padding-right: 0px\" border=\"0\" alt=\"Z&eacute; do Padre\" src=\"http:\/\/www.saloanoticias.com\/v1\/wp-content\/uploads\/imagens\/z-do-padre_thumb_f9e7aa1cce1cdeb02a4301e73ac9f29c.jpg\" width=\"565\" height=\"378\"><\/a>O STR (Sindicato dos Trabalhadores Rurais) de Salo\u00e1\/PE tamb\u00e9m foi homenageado na noite de entrega do pr\u00eamio dos melhores de 2013 no munic\u00edpio. O pr\u00eamio foi muito merecido e quando a mestre de cerim\u00f4nia convidou o presidente Jos\u00e9 Ferreira (Z\u00e9 do Padre) para o receber, todos os presentes aplaudiram com uma salva de palmas calorosa em reconhecimento ao excelente trabalho realizado pela atual diretoria que \u00e9 comandada pelo presidente Z\u00e9 do Padre. O pr\u00eamio destaque foi entregue pelo presidente da c\u00e2mara dos vereadores de Salo\u00e1. <\/font><font size=\"3\" face=\"Arial\">Z\u00e9 vem militando naquele sindicato rural h\u00e1 v\u00e1rios anos e sempre prestou seus servi\u00e7os ao bem dos agricultores saloaenses e, por isso, recebeu o merecido diploma.<\/font><\/p>\n<p align=\"justify\"><a href=\"http:\/\/www.saloanoticias.com\/images\/rose-e-z_a3763582afd0fc73e1c73ee054b07e20.jpg\"><img loading=\"lazy\" decoding=\"async\" title=\"Rose e Z&eacute;\" style=\"border-top: 0px; border-right: 0px; background-image: none; border-bottom: 0px; float: none; padding-top: 0px; padding-left: 0px; margin: 10px auto; border-left: 0px; display: block; padding-right: 0px\" border=\"0\" alt=\"Rose e Z&eacute;\" src=\"http:\/\/www.saloanoticias.com\/v1\/wp-content\/uploads\/imagens\/rose-e-z_thumb_46a3d8136f66aef4141fdee399827a77.jpg\" width=\"565\" height=\"375\"><\/a><\/p>\n<p align=\"justify\"><font size=\"3\" face=\"Arial\">Quem esteve acompanhando Z\u00e9 do Padre foi sua esposa e filhos al\u00e9m de Rose que \u00e9 presidente do CMDR (Conselho Municipal de Desenvolvimento Rural) neste munic\u00edpio. Na presid\u00eancia de Jos\u00e9 Ferreira, que assumiu o STR no ano de 2012, os agricultores puderam usufruir de mais qualidade nos servi\u00e7o prestados naquele \u00f3rg\u00e3o n\u00e3o governamental. Segundo o presidente, a meta do sindicato em Salo\u00e1 \u00e9 levar mais acompanhamento ao homem do campo e dar suporte aos mesmos. O lema \u00e9 fazer com que o STR tenha um maior n\u00famero de filiados, pois, s\u00f3 assim os agricultores ser\u00e3o mais fortes, disse Z\u00e9.<\/font><\/p>\n<div style=\"margin-top: 0px; margin-bottom: 0px;\" class=\"sharethis-inline-share-buttons\" ><\/div>","protected":false},"excerpt":{"rendered":"<p>O STR (Sindicato dos Trabalhadores Rurais) de Salo\u00e1\/PE tamb\u00e9m foi homenageado na noite de entrega do pr\u00eamio dos melhores de 2013 no munic\u00edpio. O pr\u00eamio foi muito merecido e quando a mestre de cerim\u00f4nia convidou o presidente Jos\u00e9 Ferreira (Z\u00e9 do Padre) para o receber, todos os presentes aplaudiram com uma salva de palmas calorosa [&hellip;]<\/p>\n","protected":false},"author":1,"featured_media":0,"comment_status":"open","ping_status":"open","sticky":false,"template":"","format":"standard","meta":{"footnotes":""},"categories":[2],"tags":[],"class_list":["post-635","post","type-post","status-publish","format-standard","hentry","category-noticias-do-dia"],"_links":{"self":[{"href":"https:\/\/www.saloanoticias.com\/v1\/wp-json\/wp\/v2\/posts\/635","targetHints":{"allow":["GET"]}}],"collection":[{"href":"https:\/\/www.saloanoticias.com\/v1\/wp-json\/wp\/v2\/posts"}],"about":[{"href":"https:\/\/www.saloanoticias.com\/v1\/wp-json\/wp\/v2\/types\/post"}],"author":[{"embeddable":true,"href":"https:\/\/www.saloanoticias.com\/v1\/wp-json\/wp\/v2\/users\/1"}],"replies":[{"embeddable":true,"href":"https:\/\/www.saloanoticias.com\/v1\/wp-json\/wp\/v2\/comments?post=635"}],"version-history":[{"count":0,"href":"https:\/\/www.saloanoticias.com\/v1\/wp-json\/wp\/v2\/posts\/635\/revisions"}],"wp:attachment":[{"href":"https:\/\/www.saloanoticias.com\/v1\/wp-json\/wp\/v2\/media?parent=635"}],"wp:term":[{"taxonomy":"category","embeddable":true,"href":"https:\/\/www.saloanoticias.com\/v1\/wp-json\/wp\/v2\/categories?post=635"},{"taxonomy":"post_tag","embeddable":true,"href":"https:\/\/www.saloanoticias.com\/v1\/wp-json\/wp\/v2\/tags?post=635"}],"curies":[{"name":"wp","href":"https:\/\/api.w.org\/{rel}","templated":true}]}}