{"id":634,"date":"2014-02-11T18:26:58","date_gmt":"2014-02-11T18:26:58","guid":{"rendered":"https:\/\/saloanoticias.mrmediaweb.com\/v1\/2014\/02\/11\/bruna-marquezine-e-neymar-terminam-namoro\/"},"modified":"2014-02-11T18:26:58","modified_gmt":"2014-02-11T18:26:58","slug":"bruna-marquezine-e-neymar-terminam-namoro","status":"publish","type":"post","link":"https:\/\/www.saloanoticias.com\/v1\/bruna-marquezine-e-neymar-terminam-namoro\/","title":{"rendered":"CHEGA AO FIM O NAMORO DE NEYMAR E BRUNA MARQUEZINE"},"content":{"rendered":"<p align=\"justify\"><font size=\"3\" face=\"Arial\"><a href=\"http:\/\/www.saloanoticias.com\/images\/bruna-e-neymar.jpg\"><img loading=\"lazy\" decoding=\"async\" title=\"Bruna e Neymar\" style=\"border-top: 0px; border-right: 0px; background-image: none; border-bottom: 0px; float: none; padding-top: 0px; padding-left: 0px; margin: 0px auto 10px; border-left: 0px; display: block; padding-right: 0px\" border=\"0\" alt=\"Bruna e Neymar\" src=\"http:\/\/www.saloanoticias.com\/v1\/wp-content\/uploads\/imagens\/bruna-e-neymar_thumb.jpg\" width=\"512\" height=\"344\"><\/a>Bruna Marquezine terminou o namoro com Neymar. A informa\u00e7\u00e3o foi confirmada ao UOL pela assessoria de imprensa da atriz que afirmou que o relacionamento n\u00e3o resistiu \u00e0 dist\u00e2ncia. O jogador, atacante do Barcelona, mora na Espanha desde junho do ano passado. <\/font><font size=\"3\" face=\"Arial\">Na tarde desta ter\u00e7a-feira (11), Neymar chegou a publicar uma <\/font><a><font size=\"3\" face=\"Arial\">imagem<\/font><\/a><font size=\"3\" face=\"Arial\"> onde aparece a frase &#8220;Tudo passa&#8221;, tatuada por ele no pesco\u00e7o. Junto com a <\/font><a><font size=\"3\" face=\"Arial\">foto<\/font><\/a><font size=\"3\" face=\"Arial\">, o jogador publicou trecho da m\u00fasica &#8220;T\u00e1 Escrito&#8221;, do grupo de pagode Revela\u00e7\u00e3o.<\/font> <\/p>\n<p align=\"justify\"><font size=\"3\" face=\"Arial\">J\u00e1 Bruna, preferiu apagar as fotos do ex-namorado do seu perfil do Instagram. Neymar e Bruna estavam juntos h\u00e1 cerca de um ano e assumiram o namoro no Carnaval de 2013. Desde ent\u00e3o, a atriz e o jogador postavam fotos juntos e declara\u00e7\u00f5es nas redes sociais. <\/font><font size=\"3\" face=\"Arial\">No in\u00edcio do ano, surgiram rumores de que o relacionamento estava em crise. No in\u00edcio deste m\u00eas, Bruna dissipou os boatos ao publicar uma foto do namorado, no dia do seu anivers\u00e1rio, dizendo que o amava. A atriz est\u00e1 no ar na novela &#8220;Em fam\u00edlia&#8221;, de Manoel Carlos, como Luiza. (Fonte&nbsp; &#8211;&nbsp; Blog do Terceiro Tempo).<\/font><\/p>\n<div style=\"margin-top: 0px; margin-bottom: 0px;\" class=\"sharethis-inline-share-buttons\" ><\/div>","protected":false},"excerpt":{"rendered":"<p>Bruna Marquezine terminou o namoro com Neymar. A informa\u00e7\u00e3o foi confirmada ao UOL pela assessoria de imprensa da atriz que afirmou que o relacionamento n\u00e3o resistiu \u00e0 dist\u00e2ncia. O jogador, atacante do Barcelona, mora na Espanha desde junho do ano passado. Na tarde desta ter\u00e7a-feira (11), Neymar chegou a publicar uma imagem onde aparece a [&hellip;]<\/p>\n","protected":false},"author":1,"featured_media":0,"comment_status":"open","ping_status":"open","sticky":false,"template":"","format":"standard","meta":{"footnotes":""},"categories":[2],"tags":[],"class_list":["post-634","post","type-post","status-publish","format-standard","hentry","category-noticias-do-dia"],"_links":{"self":[{"href":"https:\/\/www.saloanoticias.com\/v1\/wp-json\/wp\/v2\/posts\/634","targetHints":{"allow":["GET"]}}],"collection":[{"href":"https:\/\/www.saloanoticias.com\/v1\/wp-json\/wp\/v2\/posts"}],"about":[{"href":"https:\/\/www.saloanoticias.com\/v1\/wp-json\/wp\/v2\/types\/post"}],"author":[{"embeddable":true,"href":"https:\/\/www.saloanoticias.com\/v1\/wp-json\/wp\/v2\/users\/1"}],"replies":[{"embeddable":true,"href":"https:\/\/www.saloanoticias.com\/v1\/wp-json\/wp\/v2\/comments?post=634"}],"version-history":[{"count":0,"href":"https:\/\/www.saloanoticias.com\/v1\/wp-json\/wp\/v2\/posts\/634\/revisions"}],"wp:attachment":[{"href":"https:\/\/www.saloanoticias.com\/v1\/wp-json\/wp\/v2\/media?parent=634"}],"wp:term":[{"taxonomy":"category","embeddable":true,"href":"https:\/\/www.saloanoticias.com\/v1\/wp-json\/wp\/v2\/categories?post=634"},{"taxonomy":"post_tag","embeddable":true,"href":"https:\/\/www.saloanoticias.com\/v1\/wp-json\/wp\/v2\/tags?post=634"}],"curies":[{"name":"wp","href":"https:\/\/api.w.org\/{rel}","templated":true}]}}